{"id":1007,"date":"2025-06-25T09:18:52","date_gmt":"2025-06-25T12:18:52","guid":{"rendered":"https:\/\/saude.novartis.com.br\/urticaria\/?p=1007"},"modified":"2025-06-25T12:01:26","modified_gmt":"2025-06-25T15:01:26","slug":"urticaria-nervosa-existe-nao-resposta-e-nao","status":"publish","type":"post","link":"https:\/\/saude.novartis.com.br\/urticaria\/urticaria-nervosa-existe-nao-resposta-e-nao\/","title":{"rendered":"Urtic\u00e1ria nervosa existe? N\u00e3o, a resposta \u00e9 N\u00c3O!"},"content":{"rendered":"<p>A ansiedade gerada pela imprevisibilidade dos ataques ou <b>crises de UCE (Urtic\u00e1ria Cr\u00f4nica Espont\u00e2nea)<\/b>, associada \u00e0 priva\u00e7\u00e3o de sono e \u00e0 <b>busca obsessiva pela suposta causa<\/b> externa da doen\u00e7a \u2013 que, na verdade, n\u00e3o existe \u2013 frequentemente levam as pessoas com UCE ao desenvolvimento de transtornos psiqui\u00e1tricos, como ansiedade e depress\u00e3o.<sup>1-5<\/sup><\/p>\n<p>Mas n\u00e3o confunda: essas condi\u00e7\u00f5es psiqui\u00e1tricas s\u00e3o causadas pelos impactos da UCE nos pacientes, e n\u00e3o o contr\u00e1rio. A UCE n\u00e3o deve ser chamada de <b>&#8220;urtic\u00e1ria nervosa&#8221;<\/b>, pois n\u00e3o \u00e9 causada pelas emo\u00e7\u00f5es.<sup>6,7<\/sup><\/p>\n<h3>Hist\u00f3rico<\/h3>\n<p>No passado, havia uma cren\u00e7a \u2013 ou mesmo uma hip\u00f3tese cient\u00edfica \u2013 de que a urtic\u00e1ria cr\u00f4nica era <b>causada pelo estresse<\/b> ou pela sobrecarga emocional. Havia, inclusive, diagn\u00f3sticos de uma tal \u201curtic\u00e1ria nervosa\u201d ou \u201calergia emocional\u201d. Hoje j\u00e1 se sabe que a UCE \u00e9 causada pelo sistema imunol\u00f3gico do pr\u00f3prio paciente, n\u00e3o pelo seu estado psicol\u00f3gico.<sup>6,7<\/sup><\/p>\n<p>Embora a doen\u00e7a possa ser exacerbada pelo estresse emocional, a <b>causa da UCE n\u00e3o \u00e9 psicol\u00f3gica<\/b>.<sup>6,7<\/sup> Procure um m\u00e9dico especialista em UCE, como os alergistas ou os dermatologistas especializados.<\/p>\n<p><!-- ========================================================================================================= ========================================================================================== REFERENCIAL --><\/p>\n<hr \/>\n<p><b>Refer\u00eancias<\/b><br \/>\n<b>1.<\/b> O\u2019Donnell BF, Lawlor F, Simpson J, Morgan M, Greaves MW. The impact of chronic urticaria on the quality of life. Br J Dermatol. 1997 Feb;136(2):197-201.<br \/>\n<b>2.<\/b> Kang MJ, Kim HS, Kim HO et al. The impact of chronic idiopathic urticaria on quality of life in korean patients. Ann Dermatol 2009;21:226\u20139.<br \/>\n<b>3.<\/b> Silvares MR, Fortes MR, Miot HA. Quality of life in chronic urticaria: a survey at a public university outpatient clinic, Botucatu (Brazil). Rev Assoc Med Bras (1992). 2011 Sep-Oct;57(5):577-82.<br \/>\n<b>4.<\/b> Maurer M, Weller K, Bindslev-Jensen C et al. Unmet clinical needs in chronic spontaneous urticaria. A GA\u00b2LEN task force report. Allergy 2011;66:317\u2013330.<br \/>\n<b>5.<\/b> Vietri J, Turner SJ, Tian H, Isherwood G, Balp MM, Gabriel S. Effect of chronic urticaria on US patients: analysis of the National Health and Wellness Survey. Ann Allergy Asthma Immunol. 2015 Oct;115(4):306-11.<br \/>\n<b>6.<\/b> Kaplan AP. What the first 10,000 patients with chronic urticaria have taught me: a personal journey. J Allergy Clin Immunol. 2009 Mar;123(3):713-7.<br \/>\n<b>7.<\/b> Zuberbier T, Abdul Latiff AH, Abuzakouk M, et al. The international EAACI\/GA\u00b2LEN\/EuroGuiDerm\/APAAACI guideline for the definition, classification, diagnosis, and management of urticaria. Allergy. 2022.<\/p>\n<hr \/>\n<p><small>Material destinado ao p\u00fablico leigo. 2025 \u00a9 Direitos Reservados Novartis Bioci\u00eancias S\/A \u2013 Proibida a reprodu\u00e7\u00e3o total ou parcial sem autoriza\u00e7\u00e3o do titular. Atualizado em maio\/2025. Veeva BR-34400.<\/small><\/p>\n","protected":false},"excerpt":{"rendered":"<p>A ansiedade gerada pela imprevisibilidade dos ataques ou crises de UCE (Urtic\u00e1ria Cr\u00f4nica Espont\u00e2nea), associada&#8230;<\/p>\n","protected":false},"author":1,"featured_media":1217,"comment_status":"open","ping_status":"open","sticky":false,"template":"","format":"standard","meta":{"_acf_changed":false,"footnotes":""},"categories":[6],"tags":[],"class_list":["post-1007","post","type-post","status-publish","format-standard","has-post-thumbnail","hentry","category-urticaria"],"acf":[],"yoast_head":"<!-- This site is optimized with the Yoast SEO plugin v25.1 - https:\/\/yoast.com\/wordpress\/plugins\/seo\/ -->\n<title>Urtic\u00e1ria nervosa n\u00e3o existe. Saiba mais sobre como tratar corretamente<\/title>\n<meta name=\"description\" content=\"A ansiedade gerada pela imprevisibilidade dos ataques ou crises de UCE (Urtic\u00e1ria Cr\u00f4nica Espont\u00e2nea), associada \u00e0 priva\u00e7\u00e3o de sono.\" \/>\n<meta name=\"robots\" content=\"index, follow, max-snippet:-1, max-image-preview:large, max-video-preview:-1\" \/>\n<link rel=\"canonical\" href=\"https:\/\/saude.novartis.com.br\/urticaria\/urticaria-nervosa-existe-nao-resposta-e-nao\/\" \/>\n<meta property=\"og:locale\" content=\"pt_BR\" \/>\n<meta property=\"og:type\" content=\"article\" \/>\n<meta property=\"og:title\" content=\"Urtic\u00e1ria nervosa n\u00e3o existe. Saiba mais sobre como tratar corretamente\" \/>\n<meta property=\"og:description\" content=\"A ansiedade gerada pela imprevisibilidade dos ataques ou crises de UCE (Urtic\u00e1ria Cr\u00f4nica Espont\u00e2nea), associada \u00e0 priva\u00e7\u00e3o de sono.\" \/>\n<meta property=\"og:url\" content=\"https:\/\/saude.novartis.com.br\/urticaria\/urticaria-nervosa-existe-nao-resposta-e-nao\/\" \/>\n<meta property=\"og:site_name\" content=\"Urtic\u00e1ria\" \/>\n<meta property=\"article:published_time\" content=\"2025-06-25T12:18:52+00:00\" \/>\n<meta property=\"article:modified_time\" content=\"2025-06-25T15:01:26+00:00\" \/>\n<meta property=\"og:image\" content=\"https:\/\/saude.novartis.com.br\/urticaria\/wp-content\/uploads\/sites\/22\/2019\/04\/1-5-urticaria-nervosa-nao-existe.jpg\" \/>\n\t<meta property=\"og:image:width\" content=\"800\" \/>\n\t<meta property=\"og:image:height\" content=\"500\" \/>\n\t<meta property=\"og:image:type\" content=\"image\/jpeg\" \/>\n<meta name=\"author\" content=\"novartis\" \/>\n<meta name=\"twitter:card\" content=\"summary_large_image\" \/>\n<meta name=\"twitter:label1\" content=\"Escrito por\" \/>\n\t<meta name=\"twitter:data1\" content=\"novartis\" \/>\n\t<meta name=\"twitter:label2\" content=\"Est. tempo de leitura\" \/>\n\t<meta name=\"twitter:data2\" content=\"2 minutos\" \/>\n<script type=\"application\/ld+json\" class=\"yoast-schema-graph\">{\"@context\":\"https:\/\/schema.org\",\"@graph\":[{\"@type\":\"Article\",\"@id\":\"https:\/\/saude.novartis.com.br\/urticaria\/urticaria-nervosa-existe-nao-resposta-e-nao\/#article\",\"isPartOf\":{\"@id\":\"https:\/\/saude.novartis.com.br\/urticaria\/urticaria-nervosa-existe-nao-resposta-e-nao\/\"},\"author\":{\"name\":\"novartis\",\"@id\":\"https:\/\/saude.novartis.com.br\/urticaria\/#\/schema\/person\/ad6f710758d865974325ac2efe2a0df9\"},\"headline\":\"Urtic\u00e1ria nervosa existe? N\u00e3o, a resposta \u00e9 N\u00c3O!\",\"datePublished\":\"2025-06-25T12:18:52+00:00\",\"dateModified\":\"2025-06-25T15:01:26+00:00\",\"mainEntityOfPage\":{\"@id\":\"https:\/\/saude.novartis.com.br\/urticaria\/urticaria-nervosa-existe-nao-resposta-e-nao\/\"},\"wordCount\":418,\"commentCount\":0,\"publisher\":{\"@id\":\"https:\/\/saude.novartis.com.br\/urticaria\/#organization\"},\"image\":{\"@id\":\"https:\/\/saude.novartis.com.br\/urticaria\/urticaria-nervosa-existe-nao-resposta-e-nao\/#primaryimage\"},\"thumbnailUrl\":\"https:\/\/saude.novartis.com.br\/urticaria\/wp-content\/uploads\/sites\/22\/2019\/04\/1-5-urticaria-nervosa-nao-existe.jpg\",\"articleSection\":[\"Urtic\u00e1ria\"],\"inLanguage\":\"pt-BR\",\"potentialAction\":[{\"@type\":\"CommentAction\",\"name\":\"Comment\",\"target\":[\"https:\/\/saude.novartis.com.br\/urticaria\/urticaria-nervosa-existe-nao-resposta-e-nao\/#respond\"]}]},{\"@type\":\"WebPage\",\"@id\":\"https:\/\/saude.novartis.com.br\/urticaria\/urticaria-nervosa-existe-nao-resposta-e-nao\/\",\"url\":\"https:\/\/saude.novartis.com.br\/urticaria\/urticaria-nervosa-existe-nao-resposta-e-nao\/\",\"name\":\"Urtic\u00e1ria nervosa n\u00e3o existe. Saiba mais sobre como tratar corretamente\",\"isPartOf\":{\"@id\":\"https:\/\/saude.novartis.com.br\/urticaria\/#website\"},\"primaryImageOfPage\":{\"@id\":\"https:\/\/saude.novartis.com.br\/urticaria\/urticaria-nervosa-existe-nao-resposta-e-nao\/#primaryimage\"},\"image\":{\"@id\":\"https:\/\/saude.novartis.com.br\/urticaria\/urticaria-nervosa-existe-nao-resposta-e-nao\/#primaryimage\"},\"thumbnailUrl\":\"https:\/\/saude.novartis.com.br\/urticaria\/wp-content\/uploads\/sites\/22\/2019\/04\/1-5-urticaria-nervosa-nao-existe.jpg\",\"datePublished\":\"2025-06-25T12:18:52+00:00\",\"dateModified\":\"2025-06-25T15:01:26+00:00\",\"description\":\"A ansiedade gerada pela imprevisibilidade dos ataques ou crises de UCE (Urtic\u00e1ria Cr\u00f4nica Espont\u00e2nea), associada \u00e0 priva\u00e7\u00e3o de sono.\",\"breadcrumb\":{\"@id\":\"https:\/\/saude.novartis.com.br\/urticaria\/urticaria-nervosa-existe-nao-resposta-e-nao\/#breadcrumb\"},\"inLanguage\":\"pt-BR\",\"potentialAction\":[{\"@type\":\"ReadAction\",\"target\":[\"https:\/\/saude.novartis.com.br\/urticaria\/urticaria-nervosa-existe-nao-resposta-e-nao\/\"]}]},{\"@type\":\"ImageObject\",\"inLanguage\":\"pt-BR\",\"@id\":\"https:\/\/saude.novartis.com.br\/urticaria\/urticaria-nervosa-existe-nao-resposta-e-nao\/#primaryimage\",\"url\":\"https:\/\/saude.novartis.com.br\/urticaria\/wp-content\/uploads\/sites\/22\/2019\/04\/1-5-urticaria-nervosa-nao-existe.jpg\",\"contentUrl\":\"https:\/\/saude.novartis.com.br\/urticaria\/wp-content\/uploads\/sites\/22\/2019\/04\/1-5-urticaria-nervosa-nao-existe.jpg\",\"width\":800,\"height\":500},{\"@type\":\"BreadcrumbList\",\"@id\":\"https:\/\/saude.novartis.com.br\/urticaria\/urticaria-nervosa-existe-nao-resposta-e-nao\/#breadcrumb\",\"itemListElement\":[{\"@type\":\"ListItem\",\"position\":1,\"name\":\"In\u00edcio\",\"item\":\"https:\/\/saude.novartis.com.br\/urticaria\/\"},{\"@type\":\"ListItem\",\"position\":2,\"name\":\"Urtic\u00e1ria nervosa existe? N\u00e3o, a resposta \u00e9 N\u00c3O!\"}]},{\"@type\":\"WebSite\",\"@id\":\"https:\/\/saude.novartis.com.br\/urticaria\/#website\",\"url\":\"https:\/\/saude.novartis.com.br\/urticaria\/\",\"name\":\"Urtic\u00e1ria\",\"description\":\"Saiba exatamente o que \u00e9 Urtic\u00e1ria e a Urtic\u00e1ria Cr\u00f4nica Espontanea. Conhe\u00e7a seus sintomas, diagn\u00f3sticos e tratamento. Acesse nossos conte\u00fados Novartis e saiba mais.\",\"publisher\":{\"@id\":\"https:\/\/saude.novartis.com.br\/urticaria\/#organization\"},\"potentialAction\":[{\"@type\":\"SearchAction\",\"target\":{\"@type\":\"EntryPoint\",\"urlTemplate\":\"https:\/\/saude.novartis.com.br\/urticaria\/?s={search_term_string}\"},\"query-input\":{\"@type\":\"PropertyValueSpecification\",\"valueRequired\":true,\"valueName\":\"search_term_string\"}}],\"inLanguage\":\"pt-BR\"},{\"@type\":\"Organization\",\"@id\":\"https:\/\/saude.novartis.com.br\/urticaria\/#organization\",\"name\":\"Novartis\",\"url\":\"https:\/\/saude.novartis.com.br\/urticaria\/\",\"logo\":{\"@type\":\"ImageObject\",\"inLanguage\":\"pt-BR\",\"@id\":\"https:\/\/saude.novartis.com.br\/urticaria\/#\/schema\/logo\/image\/\",\"url\":\"https:\/\/saude.novartis.com.br\/urticaria\/wp-content\/uploads\/sites\/22\/2019\/04\/logo.png\",\"contentUrl\":\"https:\/\/saude.novartis.com.br\/urticaria\/wp-content\/uploads\/sites\/22\/2019\/04\/logo.png\",\"width\":165,\"height\":55,\"caption\":\"Novartis\"},\"image\":{\"@id\":\"https:\/\/saude.novartis.com.br\/urticaria\/#\/schema\/logo\/image\/\"}},{\"@type\":\"Person\",\"@id\":\"https:\/\/saude.novartis.com.br\/urticaria\/#\/schema\/person\/ad6f710758d865974325ac2efe2a0df9\",\"name\":\"novartis\",\"image\":{\"@type\":\"ImageObject\",\"inLanguage\":\"pt-BR\",\"@id\":\"https:\/\/saude.novartis.com.br\/urticaria\/#\/schema\/person\/image\/\",\"url\":\"https:\/\/secure.gravatar.com\/avatar\/221a1c4b45938dbddb145f621c95c71b?s=96&d=mm&r=g\",\"contentUrl\":\"https:\/\/secure.gravatar.com\/avatar\/221a1c4b45938dbddb145f621c95c71b?s=96&d=mm&r=g\",\"caption\":\"novartis\"},\"url\":\"https:\/\/saude.novartis.com.br\/urticaria\/author\/novartis\/\"}]}<\/script>\n<!-- \/ Yoast SEO plugin. -->","yoast_head_json":{"title":"Urtic\u00e1ria nervosa n\u00e3o existe. Saiba mais sobre como tratar corretamente","description":"A ansiedade gerada pela imprevisibilidade dos ataques ou crises de UCE (Urtic\u00e1ria Cr\u00f4nica Espont\u00e2nea), associada \u00e0 priva\u00e7\u00e3o de sono.","robots":{"index":"index","follow":"follow","max-snippet":"max-snippet:-1","max-image-preview":"max-image-preview:large","max-video-preview":"max-video-preview:-1"},"canonical":"https:\/\/saude.novartis.com.br\/urticaria\/urticaria-nervosa-existe-nao-resposta-e-nao\/","og_locale":"pt_BR","og_type":"article","og_title":"Urtic\u00e1ria nervosa n\u00e3o existe. Saiba mais sobre como tratar corretamente","og_description":"A ansiedade gerada pela imprevisibilidade dos ataques ou crises de UCE (Urtic\u00e1ria Cr\u00f4nica Espont\u00e2nea), associada \u00e0 priva\u00e7\u00e3o de sono.","og_url":"https:\/\/saude.novartis.com.br\/urticaria\/urticaria-nervosa-existe-nao-resposta-e-nao\/","og_site_name":"Urtic\u00e1ria","article_published_time":"2025-06-25T12:18:52+00:00","article_modified_time":"2025-06-25T15:01:26+00:00","og_image":[{"width":800,"height":500,"url":"https:\/\/saude.novartis.com.br\/urticaria\/wp-content\/uploads\/sites\/22\/2019\/04\/1-5-urticaria-nervosa-nao-existe.jpg","type":"image\/jpeg"}],"author":"novartis","twitter_card":"summary_large_image","twitter_misc":{"Escrito por":"novartis","Est. tempo de leitura":"2 minutos"},"schema":{"@context":"https:\/\/schema.org","@graph":[{"@type":"Article","@id":"https:\/\/saude.novartis.com.br\/urticaria\/urticaria-nervosa-existe-nao-resposta-e-nao\/#article","isPartOf":{"@id":"https:\/\/saude.novartis.com.br\/urticaria\/urticaria-nervosa-existe-nao-resposta-e-nao\/"},"author":{"name":"novartis","@id":"https:\/\/saude.novartis.com.br\/urticaria\/#\/schema\/person\/ad6f710758d865974325ac2efe2a0df9"},"headline":"Urtic\u00e1ria nervosa existe? N\u00e3o, a resposta \u00e9 N\u00c3O!","datePublished":"2025-06-25T12:18:52+00:00","dateModified":"2025-06-25T15:01:26+00:00","mainEntityOfPage":{"@id":"https:\/\/saude.novartis.com.br\/urticaria\/urticaria-nervosa-existe-nao-resposta-e-nao\/"},"wordCount":418,"commentCount":0,"publisher":{"@id":"https:\/\/saude.novartis.com.br\/urticaria\/#organization"},"image":{"@id":"https:\/\/saude.novartis.com.br\/urticaria\/urticaria-nervosa-existe-nao-resposta-e-nao\/#primaryimage"},"thumbnailUrl":"https:\/\/saude.novartis.com.br\/urticaria\/wp-content\/uploads\/sites\/22\/2019\/04\/1-5-urticaria-nervosa-nao-existe.jpg","articleSection":["Urtic\u00e1ria"],"inLanguage":"pt-BR","potentialAction":[{"@type":"CommentAction","name":"Comment","target":["https:\/\/saude.novartis.com.br\/urticaria\/urticaria-nervosa-existe-nao-resposta-e-nao\/#respond"]}]},{"@type":"WebPage","@id":"https:\/\/saude.novartis.com.br\/urticaria\/urticaria-nervosa-existe-nao-resposta-e-nao\/","url":"https:\/\/saude.novartis.com.br\/urticaria\/urticaria-nervosa-existe-nao-resposta-e-nao\/","name":"Urtic\u00e1ria nervosa n\u00e3o existe. Saiba mais sobre como tratar corretamente","isPartOf":{"@id":"https:\/\/saude.novartis.com.br\/urticaria\/#website"},"primaryImageOfPage":{"@id":"https:\/\/saude.novartis.com.br\/urticaria\/urticaria-nervosa-existe-nao-resposta-e-nao\/#primaryimage"},"image":{"@id":"https:\/\/saude.novartis.com.br\/urticaria\/urticaria-nervosa-existe-nao-resposta-e-nao\/#primaryimage"},"thumbnailUrl":"https:\/\/saude.novartis.com.br\/urticaria\/wp-content\/uploads\/sites\/22\/2019\/04\/1-5-urticaria-nervosa-nao-existe.jpg","datePublished":"2025-06-25T12:18:52+00:00","dateModified":"2025-06-25T15:01:26+00:00","description":"A ansiedade gerada pela imprevisibilidade dos ataques ou crises de UCE (Urtic\u00e1ria Cr\u00f4nica Espont\u00e2nea), associada \u00e0 priva\u00e7\u00e3o de sono.","breadcrumb":{"@id":"https:\/\/saude.novartis.com.br\/urticaria\/urticaria-nervosa-existe-nao-resposta-e-nao\/#breadcrumb"},"inLanguage":"pt-BR","potentialAction":[{"@type":"ReadAction","target":["https:\/\/saude.novartis.com.br\/urticaria\/urticaria-nervosa-existe-nao-resposta-e-nao\/"]}]},{"@type":"ImageObject","inLanguage":"pt-BR","@id":"https:\/\/saude.novartis.com.br\/urticaria\/urticaria-nervosa-existe-nao-resposta-e-nao\/#primaryimage","url":"https:\/\/saude.novartis.com.br\/urticaria\/wp-content\/uploads\/sites\/22\/2019\/04\/1-5-urticaria-nervosa-nao-existe.jpg","contentUrl":"https:\/\/saude.novartis.com.br\/urticaria\/wp-content\/uploads\/sites\/22\/2019\/04\/1-5-urticaria-nervosa-nao-existe.jpg","width":800,"height":500},{"@type":"BreadcrumbList","@id":"https:\/\/saude.novartis.com.br\/urticaria\/urticaria-nervosa-existe-nao-resposta-e-nao\/#breadcrumb","itemListElement":[{"@type":"ListItem","position":1,"name":"In\u00edcio","item":"https:\/\/saude.novartis.com.br\/urticaria\/"},{"@type":"ListItem","position":2,"name":"Urtic\u00e1ria nervosa existe? N\u00e3o, a resposta \u00e9 N\u00c3O!"}]},{"@type":"WebSite","@id":"https:\/\/saude.novartis.com.br\/urticaria\/#website","url":"https:\/\/saude.novartis.com.br\/urticaria\/","name":"Urtic\u00e1ria","description":"Saiba exatamente o que \u00e9 Urtic\u00e1ria e a Urtic\u00e1ria Cr\u00f4nica Espontanea. Conhe\u00e7a seus sintomas, diagn\u00f3sticos e tratamento. Acesse nossos conte\u00fados Novartis e saiba mais.","publisher":{"@id":"https:\/\/saude.novartis.com.br\/urticaria\/#organization"},"potentialAction":[{"@type":"SearchAction","target":{"@type":"EntryPoint","urlTemplate":"https:\/\/saude.novartis.com.br\/urticaria\/?s={search_term_string}"},"query-input":{"@type":"PropertyValueSpecification","valueRequired":true,"valueName":"search_term_string"}}],"inLanguage":"pt-BR"},{"@type":"Organization","@id":"https:\/\/saude.novartis.com.br\/urticaria\/#organization","name":"Novartis","url":"https:\/\/saude.novartis.com.br\/urticaria\/","logo":{"@type":"ImageObject","inLanguage":"pt-BR","@id":"https:\/\/saude.novartis.com.br\/urticaria\/#\/schema\/logo\/image\/","url":"https:\/\/saude.novartis.com.br\/urticaria\/wp-content\/uploads\/sites\/22\/2019\/04\/logo.png","contentUrl":"https:\/\/saude.novartis.com.br\/urticaria\/wp-content\/uploads\/sites\/22\/2019\/04\/logo.png","width":165,"height":55,"caption":"Novartis"},"image":{"@id":"https:\/\/saude.novartis.com.br\/urticaria\/#\/schema\/logo\/image\/"}},{"@type":"Person","@id":"https:\/\/saude.novartis.com.br\/urticaria\/#\/schema\/person\/ad6f710758d865974325ac2efe2a0df9","name":"novartis","image":{"@type":"ImageObject","inLanguage":"pt-BR","@id":"https:\/\/saude.novartis.com.br\/urticaria\/#\/schema\/person\/image\/","url":"https:\/\/secure.gravatar.com\/avatar\/221a1c4b45938dbddb145f621c95c71b?s=96&d=mm&r=g","contentUrl":"https:\/\/secure.gravatar.com\/avatar\/221a1c4b45938dbddb145f621c95c71b?s=96&d=mm&r=g","caption":"novartis"},"url":"https:\/\/saude.novartis.com.br\/urticaria\/author\/novartis\/"}]}},"_links":{"self":[{"href":"https:\/\/saude.novartis.com.br\/urticaria\/wp-json\/wp\/v2\/posts\/1007"}],"collection":[{"href":"https:\/\/saude.novartis.com.br\/urticaria\/wp-json\/wp\/v2\/posts"}],"about":[{"href":"https:\/\/saude.novartis.com.br\/urticaria\/wp-json\/wp\/v2\/types\/post"}],"author":[{"embeddable":true,"href":"https:\/\/saude.novartis.com.br\/urticaria\/wp-json\/wp\/v2\/users\/1"}],"replies":[{"embeddable":true,"href":"https:\/\/saude.novartis.com.br\/urticaria\/wp-json\/wp\/v2\/comments?post=1007"}],"version-history":[{"count":5,"href":"https:\/\/saude.novartis.com.br\/urticaria\/wp-json\/wp\/v2\/posts\/1007\/revisions"}],"predecessor-version":[{"id":1941,"href":"https:\/\/saude.novartis.com.br\/urticaria\/wp-json\/wp\/v2\/posts\/1007\/revisions\/1941"}],"wp:featuredmedia":[{"embeddable":true,"href":"https:\/\/saude.novartis.com.br\/urticaria\/wp-json\/wp\/v2\/media\/1217"}],"wp:attachment":[{"href":"https:\/\/saude.novartis.com.br\/urticaria\/wp-json\/wp\/v2\/media?parent=1007"}],"wp:term":[{"taxonomy":"category","embeddable":true,"href":"https:\/\/saude.novartis.com.br\/urticaria\/wp-json\/wp\/v2\/categories?post=1007"},{"taxonomy":"post_tag","embeddable":true,"href":"https:\/\/saude.novartis.com.br\/urticaria\/wp-json\/wp\/v2\/tags?post=1007"}],"curies":[{"name":"wp","href":"https:\/\/api.w.org\/{rel}","templated":true}]}}