{"id":2577,"date":"2026-03-04T11:03:01","date_gmt":"2026-03-04T14:03:01","guid":{"rendered":"https:\/\/saude.novartis.com.br\/esclerose-multipla\/?p=2577"},"modified":"2026-03-04T11:05:48","modified_gmt":"2026-03-04T14:05:48","slug":"esclerose-multipla-sem-misterio-mitos-e-verdades-que-voce-precisa-saber","status":"publish","type":"post","link":"https:\/\/saude.novartis.com.br\/esclerose-multipla\/esclerose-multipla-sem-misterio-mitos-e-verdades-que-voce-precisa-saber\/","title":{"rendered":"Esclerose m\u00faltipla sem mist\u00e9rio: Mitos e verdades que voc\u00ea precisa saber"},"content":{"rendered":"<p>A <b>esclerose m\u00faltipla (EM)<\/b> pode parecer uma doen\u00e7a neurol\u00f3gica complexa, mas fica muito mais f\u00e1cil de entender quando temos acesso a informa\u00e7\u00f5es confi\u00e1veis.<\/p>\n<p>Muitos mitos sobre a EM ainda circulam por a\u00ed. Desmistificar essas ideias \u00e9 essencial para que voc\u00ea viva com mais autonomia, seguran\u00e7a e bem-estar. A seguir, vamos esclarecer alguns dos principais mitos e verdades sobre a EM e mostrar como essas informa\u00e7\u00f5es podem ajudar no seu dia a dia.<\/p>\n<div style=\"padding: 5px 20px; margin-bottom: 15px;\">\n<div class=\"row\">\n<div class=\"col-md-4\">\n        <img decoding=\"async\" src=\"https:\/\/saude.novartis.com.br\/esclerose-multipla\/wp-content\/uploads\/sites\/14\/2026\/03\/latflag-mito.png\" \/><\/div>\n<div class=\"col-md-6\">\n<h3>Quem tem EM est\u00e1 condenado \u00e0 invalidez?<\/h3>\n<p>Algumas pessoas podem ter limita\u00e7\u00f5es mais vis\u00edveis, mas muitas vivem com boa qualidade de vida. Com o tratamento e acompanhamento adequados, \u00e9 poss\u00edvel continuar do dia a dia normalmente.<sup>1<\/sup><\/p>\n<\/p><\/div>\n<\/p><\/div>\n<\/div>\n<div style=\"border-radius: 2px; background-color: #f37152; padding: 10px;\"\t>\n<div class=\"row\" style=\"align-content: center; margin: 20px;\">\n<p style=\"color: #ffffff !important; font-size: 1.3em;\"><b>Dica pr\u00e1tica: Siga seu plano de tratamento e converse regularmente com seu neurologista. O diagn\u00f3stico n\u00e3o define o seu futuro.<\/b><\/p>\n<\/p><\/div>\n<\/div>\n<div style=\"padding: 5px 20px; margin-bottom: 15px;\">\n<div class=\"row\">\n<div class=\"col-md-4\">\n        <img decoding=\"async\" src=\"https:\/\/saude.novartis.com.br\/esclerose-multipla\/wp-content\/uploads\/sites\/14\/2026\/03\/latflag-verdade.png\" \/><\/div>\n<div class=\"col-md-6\">\n<h3>Atividade fisica faz bem para quem tem EM?<\/h3>\n<p>Praticar atividades f\u00edsicas de forma regular ajuda na for\u00e7a muscular, no equil\u00edbrio, no humor e at\u00e9 na fadiga, um dos sintomas mais comuns da EM.<sup>2<\/sup><\/p>\n<\/p><\/div>\n<\/p><\/div>\n<\/div>\n<div style=\"border-radius: 2px; background-color: #ffbe00; padding: 10px;\"\t>\n<div class=\"row\" style=\"align-content: center; margin: 20px;\">\n<p style=\"color: #ffffff !important; font-size: 1.3em;\"><b>Dica pr\u00e1tica: Siga seu plano de tratamento e converse regularmente com seu neurologista. O diagn\u00f3stico n\u00e3o define o seu futuro.<\/b><\/p>\n<\/p><\/div>\n<\/div>\n<div style=\"padding: 5px 20px; margin-bottom: 15px;\">\n<div class=\"row\">\n<div class=\"col-md-4\">\n        <img decoding=\"async\" src=\"https:\/\/saude.novartis.com.br\/esclerose-multipla\/wp-content\/uploads\/sites\/14\/2026\/03\/latflag-mito.png\" \/><\/div>\n<div class=\"col-md-6\">\n<h3>Existe uma dieta espec\u00edfica que cura ou controla a EM?<\/h3>\n<p>N\u00e3o existe nenhuma dieta milagrosa que cure ou controle a EM. Por outro Iado, manter uma alimenta\u00e7\u00e3o equilibrada e rica em nutrientes pode ajudar no seu bem-estar geral e no controle de sintomas como pris\u00e3o de ventre (constipa\u00e7\u00e3o), fadiga e ganho de peso.&#8221;<\/p>\n<\/p><\/div>\n<\/p><\/div>\n<\/div>\n<div style=\"border-radius: 2px; background-color: #f37152; padding: 10px;\"\t>\n<div class=\"row\" style=\"align-content: center; margin: 20px;\">\n<p style=\"color: #ffffff !important; font-size: 1.3em;\"><b>Prefira sempre alimentos frescos com bastante variedade de cores no prato e evite os ultraprocessados (comidas industrializadas como salgadinhos e embutidos). Se poss\u00edvel converse com um nutricionista para receber orienta\u00e7\u00f5es personalizadas sobre a sua alimenta\u00e7\u00e3o.<\/b><\/p>\n<\/p><\/div>\n<\/div>\n<div style=\"padding: 5px 20px; margin-bottom: 15px;\">\n<div class=\"row\">\n<div class=\"col-md-4\">\n        <img decoding=\"async\" src=\"https:\/\/saude.novartis.com.br\/esclerose-multipla\/wp-content\/uploads\/sites\/14\/2026\/03\/latflag-mito.png\" \/><\/div>\n<div class=\"col-md-6\">\n<h3>Quem tem EM n\u00e3o pode se expor ao calor. <\/h3>\n<p>De fato, algumas pessoas com EM percebem seus sintomas (como fadiga, vis\u00e3o emba\u00e7ada ou formigamentos) ficarem mais fortes quando a temperatura do corpo aumenta. Por\u00e9m, isso n\u00e3o quer dizer que a doen\u00e7a piore: esses efeitos s\u00e3o tempor\u00e1rios e costumam desaparecer assim que a temperatura corporal volta ao normal.<sup>4<\/sup> <\/p>\n<\/p><\/div>\n<\/p><\/div>\n<\/div>\n<div style=\"padding: 5px 20px; margin-bottom: 15px;\">\n<div class=\"row\">\n<div class=\"col-md-4\">\n        <img decoding=\"async\" src=\"https:\/\/saude.novartis.com.br\/esclerose-multipla\/wp-content\/uploads\/sites\/14\/2026\/03\/latflag-verdade.png\" \/><\/div>\n<div class=\"col-md-6\">\n<h3>Apoio emocional \u00e9 essencial no tratamento da EM? <\/h3>\n<p>Ter uma rede de apoio \u2014 familia, amigos, grupos de pacientes e profissionais de sa\u00fade mental \u2014 faz uma grande diferen\u00e7a. A EM n\u00e3o afeta apenas o corpo ela tamb\u00e9m mexe com as emo\u00e7\u00f5es. Cuidar da sa\u00fade emocional, portanto, faz parte do tratamento. <\/p>\n<\/p><\/div>\n<\/p><\/div>\n<\/div>\n<div style=\"padding: 5px 20px; margin-bottom: 15px;\">\n<div class=\"row\">\n<div class=\"col-md-4\">\n        <img decoding=\"async\" src=\"https:\/\/saude.novartis.com.br\/esclerose-multipla\/wp-content\/uploads\/sites\/14\/2026\/03\/latflag-mito.png\" \/><\/div>\n<div class=\"col-md-6\">\n<h3>N\u00e3o preciso anotar sintomas ou mudan\u00e7as no corpo? <\/h3>\n<p>Anotar seus sintomas, mudan\u00e7as de humor, efeitos colaterais ou at\u00e9 mesmo o que deu certo em um dia \u00e9 uma ferramenta poderosa. Esses registros ajudam voc\u00ea a se conhecer melhor e fornecem informa\u00e7\u00f5es valiosas para o m\u00e9dico tomar decis\u00f5es sobre o seu tratamento.<sup>6<\/sup> <\/p>\n<\/p><\/div>\n<\/p><\/div>\n<\/div>\n<div style=\"border-radius: 2px; background-color: #f37152; padding: 10px;\"\t>\n<div class=\"row\" style=\"align-content: center; margin: 20px;\">\n<p style=\"color: #ffffff !important; font-size: 1.3em;\"><b>Use um caderno, um aplicativo ou as notas do celular para fazer esse acompanhamento. Pequenos registros do dia a dia podem se tornar grandes aliados na sua jornada.<\/b><\/p>\n<\/p><\/div>\n<\/div>\n<div style=\"padding: 5px 20px; margin-bottom: 15px;\">\n<div class=\"row\">\n<div class=\"col-md-4\">\n        <img decoding=\"async\" src=\"https:\/\/saude.novartis.com.br\/esclerose-multipla\/wp-content\/uploads\/sites\/14\/2026\/03\/latflag-verdade.png\" \/><\/div>\n<div class=\"col-md-6\">\n<h3>Se informar sobre a EM \u00e9 uma forma de autocuidado? <\/h3>\n<p>Quanto mais voc\u00ea souber sobre a EM, mais confiante vai se sentir para participar das decis\u00f5es do seu tratamento. Estar bem informado tamb\u00e9m facilita o di\u00e1logo com os profissionais de sa\u00fade e ajuda a lidar com os desafios do dia a dia.<sup>5<\/sup> <\/p>\n<\/p><\/div>\n<\/p><\/div>\n<\/div>\n<div style=\"border-radius: 2px; background-color: #053f70; padding: 10px;\"\t>\n<div class=\"row\" style=\"align-content: center; margin: 20px;\">\n<h3 style=\"color: #ffffff !important;\">Viver bem com EM \u00e9 poss\u00edvel<\/h3>\n<p style=\"color: #ffffff !important; font-size: 1.3em;\">Desmistificar a doen\u00e7a \u00e9 o primeiro passo para viver com mais leveza e autonomia. Lembre-se de que cada pessoa tem uma jornada \u00fanica com a EM e informa\u00e7\u00e3o de qualidade \u00e9 uma aliada importante para tomar decis\u00f5es com mais consci\u00eancia.<\/p>\n<\/p><\/div>\n<\/div>\n<hr \/>\n<p><small><b>Refer\u00eancias:<\/b><br \/>\n1. National Multiple Sclerosis Society Living Well with MX https \/\/www nationalmssociety org Acesso em Setembro de 2025.<br \/>\n2. CDC\/PhysicalActivity Basics https.\/\/www cdc gov\/physicaI-activity-basics\/index html. MX Trust \u2014 Diet and Nutrition https \/\/www mstrust org uk Acesso em Setembro de 2025.<br \/>\n3. National MS Society \u2014 Heat and Temperature Sensitivity https \/\/www nationalmssociety org Acesso em Setembro de 2025.<br \/>\n4. Multiple Sclerosis International Federation (MS F \u2014 Emotional Well-being https \/\/www msif org Acesso em Seternbro de 2025.<br \/>\n5. MW Trust \u2014 Keeping a Symptom Diary https.\/\/www mstrust org uk Acesso em Seternbro de 2025. <\/small><\/p>\n<hr \/>\n<p><small>Material destinado ao p\u00fablico leigo. 2026 \u00a9 Direitos Reservados Novartis Bioci\u00eancias S\/A. Proibida a reprodu\u00e7\u00e3o total ou parcial n\u00e3o autorizada. Produzido em Fevereiro\/2026. <\/small><\/p>\n<hr \/>\n<p>BR-36690<\/p>\n","protected":false},"excerpt":{"rendered":"<p>A esclerose m\u00faltipla (EM) pode parecer uma doen\u00e7a neurol\u00f3gica complexa, mas fica muito mais f\u00e1cil&#8230;<\/p>\n","protected":false},"author":2,"featured_media":2581,"comment_status":"closed","ping_status":"open","sticky":false,"template":"single-largura-total.php","format":"standard","meta":{"_acf_changed":false,"footnotes":""},"categories":[3],"tags":[],"class_list":["post-2577","post","type-post","status-publish","format-standard","has-post-thumbnail","hentry","category-esclerose-multipla"],"acf":[],"yoast_head":"<!-- This site is optimized with the Yoast SEO plugin v25.1 - https:\/\/yoast.com\/wordpress\/plugins\/seo\/ -->\n<title>Esclerose m\u00faltipla sem mist\u00e9rio: Mitos e verdades que voc\u00ea precisa saber - Esclerose M\u00faltipla<\/title>\n<meta name=\"robots\" content=\"index, follow, max-snippet:-1, max-image-preview:large, max-video-preview:-1\" \/>\n<link rel=\"canonical\" href=\"https:\/\/saude.novartis.com.br\/esclerose-multipla\/esclerose-multipla-sem-misterio-mitos-e-verdades-que-voce-precisa-saber\/\" \/>\n<meta property=\"og:locale\" content=\"pt_BR\" \/>\n<meta property=\"og:type\" content=\"article\" \/>\n<meta property=\"og:title\" content=\"Esclerose m\u00faltipla sem mist\u00e9rio: Mitos e verdades que voc\u00ea precisa saber - Esclerose M\u00faltipla\" \/>\n<meta property=\"og:description\" content=\"A esclerose m\u00faltipla (EM) pode parecer uma doen\u00e7a neurol\u00f3gica complexa, mas fica muito mais f\u00e1cil...\" \/>\n<meta property=\"og:url\" content=\"https:\/\/saude.novartis.com.br\/esclerose-multipla\/esclerose-multipla-sem-misterio-mitos-e-verdades-que-voce-precisa-saber\/\" \/>\n<meta property=\"og:site_name\" content=\"Esclerose M\u00faltipla\" \/>\n<meta property=\"article:published_time\" content=\"2026-03-04T14:03:01+00:00\" \/>\n<meta property=\"article:modified_time\" content=\"2026-03-04T14:05:48+00:00\" \/>\n<meta property=\"og:image\" content=\"https:\/\/saude.novartis.com.br\/esclerose-multipla\/wp-content\/uploads\/sites\/14\/2026\/03\/img-mitos-e-verdades-topo.jpg\" \/>\n\t<meta property=\"og:image:width\" content=\"1300\" \/>\n\t<meta property=\"og:image:height\" content=\"850\" \/>\n\t<meta property=\"og:image:type\" content=\"image\/jpeg\" \/>\n<meta name=\"author\" content=\"Emerson Archanjo\" \/>\n<meta name=\"twitter:card\" content=\"summary_large_image\" \/>\n<meta name=\"twitter:label1\" content=\"Escrito por\" \/>\n\t<meta name=\"twitter:data1\" content=\"Emerson Archanjo\" \/>\n\t<meta name=\"twitter:label2\" content=\"Est. tempo de leitura\" \/>\n\t<meta name=\"twitter:data2\" content=\"4 minutos\" \/>\n<script type=\"application\/ld+json\" class=\"yoast-schema-graph\">{\"@context\":\"https:\/\/schema.org\",\"@graph\":[{\"@type\":\"Article\",\"@id\":\"https:\/\/saude.novartis.com.br\/esclerose-multipla\/esclerose-multipla-sem-misterio-mitos-e-verdades-que-voce-precisa-saber\/#article\",\"isPartOf\":{\"@id\":\"https:\/\/saude.novartis.com.br\/esclerose-multipla\/esclerose-multipla-sem-misterio-mitos-e-verdades-que-voce-precisa-saber\/\"},\"author\":{\"name\":\"Emerson Archanjo\",\"@id\":\"https:\/\/saude.novartis.com.br\/esclerose-multipla\/#\/schema\/person\/1b318d777ae0f4814fdb68ae4d486b85\"},\"headline\":\"Esclerose m\u00faltipla sem mist\u00e9rio: Mitos e verdades que voc\u00ea precisa saber\",\"datePublished\":\"2026-03-04T14:03:01+00:00\",\"dateModified\":\"2026-03-04T14:05:48+00:00\",\"mainEntityOfPage\":{\"@id\":\"https:\/\/saude.novartis.com.br\/esclerose-multipla\/esclerose-multipla-sem-misterio-mitos-e-verdades-que-voce-precisa-saber\/\"},\"wordCount\":728,\"publisher\":{\"@id\":\"https:\/\/saude.novartis.com.br\/esclerose-multipla\/#organization\"},\"image\":{\"@id\":\"https:\/\/saude.novartis.com.br\/esclerose-multipla\/esclerose-multipla-sem-misterio-mitos-e-verdades-que-voce-precisa-saber\/#primaryimage\"},\"thumbnailUrl\":\"https:\/\/saude.novartis.com.br\/esclerose-multipla\/wp-content\/uploads\/sites\/14\/2026\/03\/img-mitos-e-verdades-topo.jpg\",\"articleSection\":[\"Esclerose M\u00faltipla\"],\"inLanguage\":\"pt-BR\"},{\"@type\":\"WebPage\",\"@id\":\"https:\/\/saude.novartis.com.br\/esclerose-multipla\/esclerose-multipla-sem-misterio-mitos-e-verdades-que-voce-precisa-saber\/\",\"url\":\"https:\/\/saude.novartis.com.br\/esclerose-multipla\/esclerose-multipla-sem-misterio-mitos-e-verdades-que-voce-precisa-saber\/\",\"name\":\"Esclerose m\u00faltipla sem mist\u00e9rio: Mitos e verdades que voc\u00ea precisa saber - Esclerose M\u00faltipla\",\"isPartOf\":{\"@id\":\"https:\/\/saude.novartis.com.br\/esclerose-multipla\/#website\"},\"primaryImageOfPage\":{\"@id\":\"https:\/\/saude.novartis.com.br\/esclerose-multipla\/esclerose-multipla-sem-misterio-mitos-e-verdades-que-voce-precisa-saber\/#primaryimage\"},\"image\":{\"@id\":\"https:\/\/saude.novartis.com.br\/esclerose-multipla\/esclerose-multipla-sem-misterio-mitos-e-verdades-que-voce-precisa-saber\/#primaryimage\"},\"thumbnailUrl\":\"https:\/\/saude.novartis.com.br\/esclerose-multipla\/wp-content\/uploads\/sites\/14\/2026\/03\/img-mitos-e-verdades-topo.jpg\",\"datePublished\":\"2026-03-04T14:03:01+00:00\",\"dateModified\":\"2026-03-04T14:05:48+00:00\",\"breadcrumb\":{\"@id\":\"https:\/\/saude.novartis.com.br\/esclerose-multipla\/esclerose-multipla-sem-misterio-mitos-e-verdades-que-voce-precisa-saber\/#breadcrumb\"},\"inLanguage\":\"pt-BR\",\"potentialAction\":[{\"@type\":\"ReadAction\",\"target\":[\"https:\/\/saude.novartis.com.br\/esclerose-multipla\/esclerose-multipla-sem-misterio-mitos-e-verdades-que-voce-precisa-saber\/\"]}]},{\"@type\":\"ImageObject\",\"inLanguage\":\"pt-BR\",\"@id\":\"https:\/\/saude.novartis.com.br\/esclerose-multipla\/esclerose-multipla-sem-misterio-mitos-e-verdades-que-voce-precisa-saber\/#primaryimage\",\"url\":\"https:\/\/saude.novartis.com.br\/esclerose-multipla\/wp-content\/uploads\/sites\/14\/2026\/03\/img-mitos-e-verdades-topo.jpg\",\"contentUrl\":\"https:\/\/saude.novartis.com.br\/esclerose-multipla\/wp-content\/uploads\/sites\/14\/2026\/03\/img-mitos-e-verdades-topo.jpg\",\"width\":1300,\"height\":850},{\"@type\":\"BreadcrumbList\",\"@id\":\"https:\/\/saude.novartis.com.br\/esclerose-multipla\/esclerose-multipla-sem-misterio-mitos-e-verdades-que-voce-precisa-saber\/#breadcrumb\",\"itemListElement\":[{\"@type\":\"ListItem\",\"position\":1,\"name\":\"In\u00edcio\",\"item\":\"https:\/\/saude.novartis.com.br\/esclerose-multipla\/\"},{\"@type\":\"ListItem\",\"position\":2,\"name\":\"Esclerose m\u00faltipla sem mist\u00e9rio: Mitos e verdades que voc\u00ea precisa saber\"}]},{\"@type\":\"WebSite\",\"@id\":\"https:\/\/saude.novartis.com.br\/esclerose-multipla\/#website\",\"url\":\"https:\/\/saude.novartis.com.br\/esclerose-multipla\/\",\"name\":\"Esclerose M\u00faltipla\",\"description\":\"Saiba exatamente o que \u00e9 Esclerose M\u00faltipla. Conhe\u00e7a seus sintomas, diagn\u00f3sticos e tratamento. Acesse nossos conte\u00fados Novartis e saiba mais.\",\"publisher\":{\"@id\":\"https:\/\/saude.novartis.com.br\/esclerose-multipla\/#organization\"},\"potentialAction\":[{\"@type\":\"SearchAction\",\"target\":{\"@type\":\"EntryPoint\",\"urlTemplate\":\"https:\/\/saude.novartis.com.br\/esclerose-multipla\/?s={search_term_string}\"},\"query-input\":{\"@type\":\"PropertyValueSpecification\",\"valueRequired\":true,\"valueName\":\"search_term_string\"}}],\"inLanguage\":\"pt-BR\"},{\"@type\":\"Organization\",\"@id\":\"https:\/\/saude.novartis.com.br\/esclerose-multipla\/#organization\",\"name\":\"Novartis\",\"url\":\"https:\/\/saude.novartis.com.br\/esclerose-multipla\/\",\"logo\":{\"@type\":\"ImageObject\",\"inLanguage\":\"pt-BR\",\"@id\":\"https:\/\/saude.novartis.com.br\/esclerose-multipla\/#\/schema\/logo\/image\/\",\"url\":\"https:\/\/saude.novartis.com.br\/esclerose-multipla\/wp-content\/uploads\/sites\/14\/2025\/09\/logo-em-novo.png\",\"contentUrl\":\"https:\/\/saude.novartis.com.br\/esclerose-multipla\/wp-content\/uploads\/sites\/14\/2025\/09\/logo-em-novo.png\",\"width\":264,\"height\":120,\"caption\":\"Novartis\"},\"image\":{\"@id\":\"https:\/\/saude.novartis.com.br\/esclerose-multipla\/#\/schema\/logo\/image\/\"}},{\"@type\":\"Person\",\"@id\":\"https:\/\/saude.novartis.com.br\/esclerose-multipla\/#\/schema\/person\/1b318d777ae0f4814fdb68ae4d486b85\",\"name\":\"Emerson Archanjo\",\"image\":{\"@type\":\"ImageObject\",\"inLanguage\":\"pt-BR\",\"@id\":\"https:\/\/saude.novartis.com.br\/esclerose-multipla\/#\/schema\/person\/image\/\",\"url\":\"https:\/\/secure.gravatar.com\/avatar\/2455536163c7e046593984ca72822786?s=96&d=mm&r=g\",\"contentUrl\":\"https:\/\/secure.gravatar.com\/avatar\/2455536163c7e046593984ca72822786?s=96&d=mm&r=g\",\"caption\":\"Emerson Archanjo\"},\"url\":\"https:\/\/saude.novartis.com.br\/esclerose-multipla\/author\/caramem1\/\"}]}<\/script>\n<!-- \/ Yoast SEO plugin. -->","yoast_head_json":{"title":"Esclerose m\u00faltipla sem mist\u00e9rio: Mitos e verdades que voc\u00ea precisa saber - Esclerose M\u00faltipla","robots":{"index":"index","follow":"follow","max-snippet":"max-snippet:-1","max-image-preview":"max-image-preview:large","max-video-preview":"max-video-preview:-1"},"canonical":"https:\/\/saude.novartis.com.br\/esclerose-multipla\/esclerose-multipla-sem-misterio-mitos-e-verdades-que-voce-precisa-saber\/","og_locale":"pt_BR","og_type":"article","og_title":"Esclerose m\u00faltipla sem mist\u00e9rio: Mitos e verdades que voc\u00ea precisa saber - Esclerose M\u00faltipla","og_description":"A esclerose m\u00faltipla (EM) pode parecer uma doen\u00e7a neurol\u00f3gica complexa, mas fica muito mais f\u00e1cil...","og_url":"https:\/\/saude.novartis.com.br\/esclerose-multipla\/esclerose-multipla-sem-misterio-mitos-e-verdades-que-voce-precisa-saber\/","og_site_name":"Esclerose M\u00faltipla","article_published_time":"2026-03-04T14:03:01+00:00","article_modified_time":"2026-03-04T14:05:48+00:00","og_image":[{"width":1300,"height":850,"url":"https:\/\/saude.novartis.com.br\/esclerose-multipla\/wp-content\/uploads\/sites\/14\/2026\/03\/img-mitos-e-verdades-topo.jpg","type":"image\/jpeg"}],"author":"Emerson Archanjo","twitter_card":"summary_large_image","twitter_misc":{"Escrito por":"Emerson Archanjo","Est. tempo de leitura":"4 minutos"},"schema":{"@context":"https:\/\/schema.org","@graph":[{"@type":"Article","@id":"https:\/\/saude.novartis.com.br\/esclerose-multipla\/esclerose-multipla-sem-misterio-mitos-e-verdades-que-voce-precisa-saber\/#article","isPartOf":{"@id":"https:\/\/saude.novartis.com.br\/esclerose-multipla\/esclerose-multipla-sem-misterio-mitos-e-verdades-que-voce-precisa-saber\/"},"author":{"name":"Emerson Archanjo","@id":"https:\/\/saude.novartis.com.br\/esclerose-multipla\/#\/schema\/person\/1b318d777ae0f4814fdb68ae4d486b85"},"headline":"Esclerose m\u00faltipla sem mist\u00e9rio: Mitos e verdades que voc\u00ea precisa saber","datePublished":"2026-03-04T14:03:01+00:00","dateModified":"2026-03-04T14:05:48+00:00","mainEntityOfPage":{"@id":"https:\/\/saude.novartis.com.br\/esclerose-multipla\/esclerose-multipla-sem-misterio-mitos-e-verdades-que-voce-precisa-saber\/"},"wordCount":728,"publisher":{"@id":"https:\/\/saude.novartis.com.br\/esclerose-multipla\/#organization"},"image":{"@id":"https:\/\/saude.novartis.com.br\/esclerose-multipla\/esclerose-multipla-sem-misterio-mitos-e-verdades-que-voce-precisa-saber\/#primaryimage"},"thumbnailUrl":"https:\/\/saude.novartis.com.br\/esclerose-multipla\/wp-content\/uploads\/sites\/14\/2026\/03\/img-mitos-e-verdades-topo.jpg","articleSection":["Esclerose M\u00faltipla"],"inLanguage":"pt-BR"},{"@type":"WebPage","@id":"https:\/\/saude.novartis.com.br\/esclerose-multipla\/esclerose-multipla-sem-misterio-mitos-e-verdades-que-voce-precisa-saber\/","url":"https:\/\/saude.novartis.com.br\/esclerose-multipla\/esclerose-multipla-sem-misterio-mitos-e-verdades-que-voce-precisa-saber\/","name":"Esclerose m\u00faltipla sem mist\u00e9rio: Mitos e verdades que voc\u00ea precisa saber - Esclerose M\u00faltipla","isPartOf":{"@id":"https:\/\/saude.novartis.com.br\/esclerose-multipla\/#website"},"primaryImageOfPage":{"@id":"https:\/\/saude.novartis.com.br\/esclerose-multipla\/esclerose-multipla-sem-misterio-mitos-e-verdades-que-voce-precisa-saber\/#primaryimage"},"image":{"@id":"https:\/\/saude.novartis.com.br\/esclerose-multipla\/esclerose-multipla-sem-misterio-mitos-e-verdades-que-voce-precisa-saber\/#primaryimage"},"thumbnailUrl":"https:\/\/saude.novartis.com.br\/esclerose-multipla\/wp-content\/uploads\/sites\/14\/2026\/03\/img-mitos-e-verdades-topo.jpg","datePublished":"2026-03-04T14:03:01+00:00","dateModified":"2026-03-04T14:05:48+00:00","breadcrumb":{"@id":"https:\/\/saude.novartis.com.br\/esclerose-multipla\/esclerose-multipla-sem-misterio-mitos-e-verdades-que-voce-precisa-saber\/#breadcrumb"},"inLanguage":"pt-BR","potentialAction":[{"@type":"ReadAction","target":["https:\/\/saude.novartis.com.br\/esclerose-multipla\/esclerose-multipla-sem-misterio-mitos-e-verdades-que-voce-precisa-saber\/"]}]},{"@type":"ImageObject","inLanguage":"pt-BR","@id":"https:\/\/saude.novartis.com.br\/esclerose-multipla\/esclerose-multipla-sem-misterio-mitos-e-verdades-que-voce-precisa-saber\/#primaryimage","url":"https:\/\/saude.novartis.com.br\/esclerose-multipla\/wp-content\/uploads\/sites\/14\/2026\/03\/img-mitos-e-verdades-topo.jpg","contentUrl":"https:\/\/saude.novartis.com.br\/esclerose-multipla\/wp-content\/uploads\/sites\/14\/2026\/03\/img-mitos-e-verdades-topo.jpg","width":1300,"height":850},{"@type":"BreadcrumbList","@id":"https:\/\/saude.novartis.com.br\/esclerose-multipla\/esclerose-multipla-sem-misterio-mitos-e-verdades-que-voce-precisa-saber\/#breadcrumb","itemListElement":[{"@type":"ListItem","position":1,"name":"In\u00edcio","item":"https:\/\/saude.novartis.com.br\/esclerose-multipla\/"},{"@type":"ListItem","position":2,"name":"Esclerose m\u00faltipla sem mist\u00e9rio: Mitos e verdades que voc\u00ea precisa saber"}]},{"@type":"WebSite","@id":"https:\/\/saude.novartis.com.br\/esclerose-multipla\/#website","url":"https:\/\/saude.novartis.com.br\/esclerose-multipla\/","name":"Esclerose M\u00faltipla","description":"Saiba exatamente o que \u00e9 Esclerose M\u00faltipla. Conhe\u00e7a seus sintomas, diagn\u00f3sticos e tratamento. Acesse nossos conte\u00fados Novartis e saiba mais.","publisher":{"@id":"https:\/\/saude.novartis.com.br\/esclerose-multipla\/#organization"},"potentialAction":[{"@type":"SearchAction","target":{"@type":"EntryPoint","urlTemplate":"https:\/\/saude.novartis.com.br\/esclerose-multipla\/?s={search_term_string}"},"query-input":{"@type":"PropertyValueSpecification","valueRequired":true,"valueName":"search_term_string"}}],"inLanguage":"pt-BR"},{"@type":"Organization","@id":"https:\/\/saude.novartis.com.br\/esclerose-multipla\/#organization","name":"Novartis","url":"https:\/\/saude.novartis.com.br\/esclerose-multipla\/","logo":{"@type":"ImageObject","inLanguage":"pt-BR","@id":"https:\/\/saude.novartis.com.br\/esclerose-multipla\/#\/schema\/logo\/image\/","url":"https:\/\/saude.novartis.com.br\/esclerose-multipla\/wp-content\/uploads\/sites\/14\/2025\/09\/logo-em-novo.png","contentUrl":"https:\/\/saude.novartis.com.br\/esclerose-multipla\/wp-content\/uploads\/sites\/14\/2025\/09\/logo-em-novo.png","width":264,"height":120,"caption":"Novartis"},"image":{"@id":"https:\/\/saude.novartis.com.br\/esclerose-multipla\/#\/schema\/logo\/image\/"}},{"@type":"Person","@id":"https:\/\/saude.novartis.com.br\/esclerose-multipla\/#\/schema\/person\/1b318d777ae0f4814fdb68ae4d486b85","name":"Emerson Archanjo","image":{"@type":"ImageObject","inLanguage":"pt-BR","@id":"https:\/\/saude.novartis.com.br\/esclerose-multipla\/#\/schema\/person\/image\/","url":"https:\/\/secure.gravatar.com\/avatar\/2455536163c7e046593984ca72822786?s=96&d=mm&r=g","contentUrl":"https:\/\/secure.gravatar.com\/avatar\/2455536163c7e046593984ca72822786?s=96&d=mm&r=g","caption":"Emerson Archanjo"},"url":"https:\/\/saude.novartis.com.br\/esclerose-multipla\/author\/caramem1\/"}]}},"_links":{"self":[{"href":"https:\/\/saude.novartis.com.br\/esclerose-multipla\/wp-json\/wp\/v2\/posts\/2577"}],"collection":[{"href":"https:\/\/saude.novartis.com.br\/esclerose-multipla\/wp-json\/wp\/v2\/posts"}],"about":[{"href":"https:\/\/saude.novartis.com.br\/esclerose-multipla\/wp-json\/wp\/v2\/types\/post"}],"author":[{"embeddable":true,"href":"https:\/\/saude.novartis.com.br\/esclerose-multipla\/wp-json\/wp\/v2\/users\/2"}],"replies":[{"embeddable":true,"href":"https:\/\/saude.novartis.com.br\/esclerose-multipla\/wp-json\/wp\/v2\/comments?post=2577"}],"version-history":[{"count":8,"href":"https:\/\/saude.novartis.com.br\/esclerose-multipla\/wp-json\/wp\/v2\/posts\/2577\/revisions"}],"predecessor-version":[{"id":2589,"href":"https:\/\/saude.novartis.com.br\/esclerose-multipla\/wp-json\/wp\/v2\/posts\/2577\/revisions\/2589"}],"wp:featuredmedia":[{"embeddable":true,"href":"https:\/\/saude.novartis.com.br\/esclerose-multipla\/wp-json\/wp\/v2\/media\/2581"}],"wp:attachment":[{"href":"https:\/\/saude.novartis.com.br\/esclerose-multipla\/wp-json\/wp\/v2\/media?parent=2577"}],"wp:term":[{"taxonomy":"category","embeddable":true,"href":"https:\/\/saude.novartis.com.br\/esclerose-multipla\/wp-json\/wp\/v2\/categories?post=2577"},{"taxonomy":"post_tag","embeddable":true,"href":"https:\/\/saude.novartis.com.br\/esclerose-multipla\/wp-json\/wp\/v2\/tags?post=2577"}],"curies":[{"name":"wp","href":"https:\/\/api.w.org\/{rel}","templated":true}]}}