{"id":5315,"date":"2026-03-10T11:46:55","date_gmt":"2026-03-10T14:46:55","guid":{"rendered":"https:\/\/saude.novartis.com.br\/cancer-de-mama\/?p=5315"},"modified":"2026-03-10T11:46:55","modified_gmt":"2026-03-10T14:46:55","slug":"voce-tem-direitos-conheca-seus-direitos-como-paciente-com-cancer-de-mama-metastatico-2","status":"publish","type":"post","link":"https:\/\/saude.novartis.com.br\/cancer-de-mama\/voce-tem-direitos-conheca-seus-direitos-como-paciente-com-cancer-de-mama-metastatico-2\/","title":{"rendered":"Voc\u00ea Tem Direitos: Conhe\u00e7a Seus Direitos Como Paciente com C\u00e2ncer de Mama Metast\u00e1tico"},"content":{"rendered":"<p>Receber o diagn\u00f3stico de c\u00e2ncer de mama metast\u00e1tico n\u00e3o \u00e9 apenas um momento desafiador na sua vida, mas tamb\u00e9m um momento de transforma\u00e7\u00e3o nas suas escolhas, no seu tratamento e nas suas intera\u00e7\u00f5es com o sistema de sa\u00fade, seja ele p\u00fablico ou privado.<sup>1<\/sup><\/p>\n<p>Nesse processo, conhecer seus direitos \u00e9 fundamental. N\u00e3o apenas o direito de ser tratada com respeito, mas de receber apoio emocional e de ter acesso a tratamentos e informa\u00e7\u00f5es adequados.<sup>1<\/sup><\/p>\n<h3>Direitos da Paciente com C\u00e2ncer Metast\u00e1tico: O Que Voc\u00ea Precisa Saber<\/h3>\n<p>A legisla\u00e7\u00e3o brasileira garante a pacientes com c\u00e2ncer, uma s\u00e9rie de direitos fundamentais para garantir que recebam o melhor cuidado poss\u00edvel, com dignidade e respeito. O acesso \u00e0 informa\u00e7\u00e3o, o direito \u00e0 escolha do tratamento e a assist\u00eancia psicol\u00f3gica, s\u00e3o apenas alguns dos direitos que todo paciente com c\u00e2ncer deve conhecer.<sup>1<\/sup><\/p>\n<p>Al\u00e9m disso, voc\u00ea tem o direito de ser ouvido(a) e de participar ativamente das decis\u00f5es sobre o seu tratamento. Isso inclui o direito de entender as op\u00e7\u00f5es dispon\u00edveis e de escolher o tratamento que melhor se encaixa na sua vida. Seu protagonismo \u00e9 essencial, e garantir que voc\u00ea tenha todos os meios necess\u00e1rios para tomar decis\u00f5es informadas \u00e9 parte fundamental do cuidado.<sup>1<\/sup><\/p>\n<div style=\"background-color: #ffffff;  margin-bottom: 25px;\" >\n<div class=\"row\">\n<div class=\"col-md-4\">\n        <img decoding=\"async\" src=\"https:\/\/saude.novartis.com.br\/cancer-de-mama\/wp-content\/uploads\/sites\/10\/2026\/03\/imagem_protagonista-slogan.jpg\"  class=\"img-fluid\">\n    <\/div>\n<div class=\" col-md-7\">\n<div style=\"align-content: center; margin: 5px 10px;\">\n<p style=\"font-size: 1.1em;\"><b>A Import\u00e2ncia de Ter Acesso \u00e0 Informa\u00e7\u00e3o<\/b><\/p>\n<p style=\"font-size: 1.1em;\">O acesso \u00e0 informa\u00e7\u00e3o fortalece o tratamento e o v\u00ednculo entre paciente e equipe m\u00e9dica. Compreender as etapas, os medicamentos e seus poss\u00edveis efeitos \u00e9 um direito, e tamb\u00e9m um passo importante no cuidado com a pr\u00f3pria sa\u00fade.<sup>1<\/sup><\/p>\n<p style=\"font-size: 1.1em;\">Ter acesso completo \u00e0s informa\u00e7\u00f5es sobre o seu diagn\u00f3stico, tratamento e progn\u00f3stico te d\u00e1 o controle sobre sua jornada de sa\u00fade, e permite que voc\u00ea tome decis\u00f5es conscientes, que respeitem seus valores e prefer\u00eancias.<sup>1<\/sup><\/p>\n<\/p><\/div>\n<\/p><\/div>\n<\/p><\/div>\n<\/div>\n<div style=\"background-color: #d23c8f; padding: 20px 50px; margin-bottom: 25px;\" >\n<div class=\"row\" style=\"align-content: center; margin: 10px; font-size: 1.1em;\">\n<h3 style=\"color:#ffffff;\"><b><span style=\"font-size: 1.5em;\">Direitos Legais e Assistenciais: O Que Voc\u00ea Pode Esperar<\/span><\/b><\/h3>\n<\/p><\/div>\n<\/div>\n<div style=\"background-color: #ffffff;  margin-bottom: 25px;\" >\n<div class=\"row\">\n<div class=\" col-md-5\">\n        <img decoding=\"async\" src=\"https:\/\/saude.novartis.com.br\/cancer-de-mama\/wp-content\/uploads\/sites\/10\/2026\/03\/img-caminho-10sabe-dos-seus-direitos-1.jpg\" class=\"img-fluid\">\n    <\/div>\n<div class=\" col-md-6\">\n<div style=\"align-content: center; margin: 5px 10px;\">\n<p style=\"font-size: 1.1em;\">Al\u00e9m do apoio m\u00e9dico, o Sistema \u00danico de Sa\u00fade (SUS) oferece acesso gratuito a diversos tratamentos e medicamentos essenciais para o controle do c\u00e2ncer de mama. Em casos espec\u00edficos, o paciente pode contar tamb\u00e9m com o suporte de programas p\u00fablicos e de conv\u00eanios de sa\u00fade.<sup>2<\/sup><\/p>\n<p style=\"font-size: 1.1em;\">\u00c9 importante tamb\u00e9m entender que, em muitos casos, o direito \u00e0 assist\u00eancia psicol\u00f3gica e ao suporte social \u00e9 fundamental. A sa\u00fade mental desempenha um papel crucial no tratamento do c\u00e2ncer metast\u00e1tico, e voc\u00ea deve ter acesso a todos os recursos que podem ajudar a lidar com o impacto emocional do tratamento.<sup>1<\/sup><\/p>\n<\/p><\/div>\n<\/p><\/div>\n<\/p><\/div>\n<\/div>\n<p>Para ajudar voc\u00ea a entender melhor os seus direitos legais e assistenciais, preparamos um material especial. Nele iremos esclarecer de forma simples e acess\u00edvel todos os direitos que voc\u00ea tem como paciente, incluindo o direito a tratamentos espec\u00edficos, apoio emocional e muito mais.<\/p>\n<p><!-- BOTAO --><\/p>\n<div class=\"row\">\n<div class=\"col-md-2\"><\/div>\n<div class=\"col-md-8\"><a href=\"https:\/\/portal.novartis.com.br\/arquivosdoctor-novartis-downloads\/2025\/kis_cancer-de-mama_meu-caminho_guia-de-direitos-da-paciente.pdf\" target=\"_blank\" rel=\"noopener\"><img decoding=\"async\" src=\"https:\/\/saude.novartis.com.br\/cancer-de-mama\/wp-content\/uploads\/sites\/10\/2025\/12\/img-caminho-direitos-paciente-metastatica-bt.png\" \/><\/a><\/div>\n<div class=\"col-md-2\"><\/div>\n<\/div>\n<p><!-- BOTAO -->    <\/p>\n<div style=\"background-color: #54346a; padding: 20px 50px; margin-bottom: 25px;\" >\n<div class=\"row\" style=\"align-content: center; margin: 10px; font-size: 1.1em;\">\n<h3 style=\"color:#ffffff;\">Empoderamento Atrav\u00e9s da Informa\u00e7\u00e3o<\/h3>\n<p style=\"color:#ffffff;\">Conhecer e compreender seus direitos \u00e9 um passo fundamental para tomar decis\u00f5es mais informadas e seguras sobre o seu tratamento. Todo paciente tem direito a um tratamento pautado pelo respeito e pela dignidade, e o melhor cuidado poss\u00edvel, e o acesso a informa\u00e7\u00f5es claras e completas te fazem retomar o papel pelo qual voc\u00ea tem por direito\u00b2, o de ser o(a) protagonista sobre o seu tratamento e sobre sua vida.<sup>1<\/sup><\/p>\n<\/p><\/div>\n<\/div>\n<p><!-- REFERENCIAL ============== --><\/p>\n<hr>\n<p><small><b>Refer\u00eancias:<\/b><br \/>\n1. BRASIL. Lei n\u00ba 14.238, de 19 de novembro de 2021. Institui o Estatuto da Pessoa com C\u00e2ncer. Dispon\u00edvel em: https:\/\/www.planalto.gov.br\/ccivil_03\/_ato2019-2022\/2021\/lei\/l14238.htm. Acesso em 15 de outubro de 2025. 2. (Estatuto da Pessoa com C\u00e2ncer): Brasil. Lei n\u00ba 14.238, de 19 de novembro de 2021. Di\u00e1rio Oficial da Uni\u00e3o, Se\u00e7\u00e3o 1, de 22 de novembro de 2021, p. 1. Dispon\u00edvel em: https:\/\/www.planalto.gov.br\/ccivil_03\/_ato2019-2022\/2021\/lei\/l14238.htm.<br \/>\n<\/small><\/p>\n<hr>\n<p><small>Material destinado ao p\u00fablico leigo. 2026 \u24d2 Direitos reservados Novartis Bioci\u00eancias S\/A. Proibida a reprodu\u00e7\u00e3o total ou parcial sem a autoriza\u00e7\u00e3o do titular. Produzido em Janeiro\/2026 <\/small><\/p>\n<p>BR-36568<\/p>\n<style>\n.img-fluid{\nmax-width: 100%;\nheight: auto;\n}\n<\/style>\n","protected":false},"excerpt":{"rendered":"<p>Receber o diagn\u00f3stico de c\u00e2ncer de mama metast\u00e1tico n\u00e3o \u00e9 apenas um momento desafiador na&#8230;<\/p>\n","protected":false},"author":2,"featured_media":5368,"comment_status":"closed","ping_status":"open","sticky":false,"template":"single-largura-total.php","format":"standard","meta":{"_acf_changed":false,"footnotes":""},"categories":[25],"tags":[],"class_list":["post-5315","post","type-post","status-publish","format-standard","has-post-thumbnail","hentry","category-cancer-de-mama-metastatico"],"acf":[],"yoast_head":"<!-- This site is optimized with the Yoast SEO plugin v25.1 - https:\/\/yoast.com\/wordpress\/plugins\/seo\/ -->\n<title>Voc\u00ea Tem Direitos: Conhe\u00e7a Seus Direitos Como Paciente com C\u00e2ncer de Mama Metast\u00e1tico - C\u00e2ncer de Mama<\/title>\n<meta name=\"robots\" content=\"index, follow, max-snippet:-1, max-image-preview:large, max-video-preview:-1\" \/>\n<link rel=\"canonical\" href=\"https:\/\/saude.novartis.com.br\/cancer-de-mama\/voce-tem-direitos-conheca-seus-direitos-como-paciente-com-cancer-de-mama-metastatico-2\/\" \/>\n<meta property=\"og:locale\" content=\"pt_BR\" \/>\n<meta property=\"og:type\" content=\"article\" \/>\n<meta property=\"og:title\" content=\"Voc\u00ea Tem Direitos: Conhe\u00e7a Seus Direitos Como Paciente com C\u00e2ncer de Mama Metast\u00e1tico - C\u00e2ncer de Mama\" \/>\n<meta property=\"og:description\" content=\"Receber o diagn\u00f3stico de c\u00e2ncer de mama metast\u00e1tico n\u00e3o \u00e9 apenas um momento desafiador na...\" \/>\n<meta property=\"og:url\" content=\"https:\/\/saude.novartis.com.br\/cancer-de-mama\/voce-tem-direitos-conheca-seus-direitos-como-paciente-com-cancer-de-mama-metastatico-2\/\" \/>\n<meta property=\"og:site_name\" content=\"C\u00e2ncer de Mama\" \/>\n<meta property=\"article:published_time\" content=\"2026-03-10T14:46:55+00:00\" \/>\n<meta property=\"og:image\" content=\"https:\/\/saude.novartis.com.br\/cancer-de-mama\/wp-content\/uploads\/sites\/10\/2026\/03\/img-caminho-10sabe-dos-seus-direitos-topo.jpg\" \/>\n\t<meta property=\"og:image:width\" content=\"1300\" \/>\n\t<meta property=\"og:image:height\" content=\"850\" \/>\n\t<meta property=\"og:image:type\" content=\"image\/jpeg\" \/>\n<meta name=\"author\" content=\"Emerson Archanjo\" \/>\n<meta name=\"twitter:card\" content=\"summary_large_image\" \/>\n<meta name=\"twitter:label1\" content=\"Escrito por\" \/>\n\t<meta name=\"twitter:data1\" content=\"Emerson Archanjo\" \/>\n\t<meta name=\"twitter:label2\" content=\"Est. tempo de leitura\" \/>\n\t<meta name=\"twitter:data2\" content=\"3 minutos\" \/>\n<script type=\"application\/ld+json\" class=\"yoast-schema-graph\">{\"@context\":\"https:\/\/schema.org\",\"@graph\":[{\"@type\":\"Article\",\"@id\":\"https:\/\/saude.novartis.com.br\/cancer-de-mama\/voce-tem-direitos-conheca-seus-direitos-como-paciente-com-cancer-de-mama-metastatico-2\/#article\",\"isPartOf\":{\"@id\":\"https:\/\/saude.novartis.com.br\/cancer-de-mama\/voce-tem-direitos-conheca-seus-direitos-como-paciente-com-cancer-de-mama-metastatico-2\/\"},\"author\":{\"name\":\"Emerson Archanjo\",\"@id\":\"https:\/\/saude.novartis.com.br\/cancer-de-mama\/#\/schema\/person\/1b318d777ae0f4814fdb68ae4d486b85\"},\"headline\":\"Voc\u00ea Tem Direitos: Conhe\u00e7a Seus Direitos Como Paciente com C\u00e2ncer de Mama Metast\u00e1tico\",\"datePublished\":\"2026-03-10T14:46:55+00:00\",\"mainEntityOfPage\":{\"@id\":\"https:\/\/saude.novartis.com.br\/cancer-de-mama\/voce-tem-direitos-conheca-seus-direitos-como-paciente-com-cancer-de-mama-metastatico-2\/\"},\"wordCount\":674,\"publisher\":{\"@id\":\"https:\/\/saude.novartis.com.br\/cancer-de-mama\/#organization\"},\"image\":{\"@id\":\"https:\/\/saude.novartis.com.br\/cancer-de-mama\/voce-tem-direitos-conheca-seus-direitos-como-paciente-com-cancer-de-mama-metastatico-2\/#primaryimage\"},\"thumbnailUrl\":\"https:\/\/saude.novartis.com.br\/cancer-de-mama\/wp-content\/uploads\/sites\/10\/2026\/03\/img-caminho-10sabe-dos-seus-direitos-topo.jpg\",\"articleSection\":[\"C\u00e2ncer de Mama Metast\u00e1tico\"],\"inLanguage\":\"pt-BR\"},{\"@type\":\"WebPage\",\"@id\":\"https:\/\/saude.novartis.com.br\/cancer-de-mama\/voce-tem-direitos-conheca-seus-direitos-como-paciente-com-cancer-de-mama-metastatico-2\/\",\"url\":\"https:\/\/saude.novartis.com.br\/cancer-de-mama\/voce-tem-direitos-conheca-seus-direitos-como-paciente-com-cancer-de-mama-metastatico-2\/\",\"name\":\"Voc\u00ea Tem Direitos: Conhe\u00e7a Seus Direitos Como Paciente com C\u00e2ncer de Mama Metast\u00e1tico - C\u00e2ncer de Mama\",\"isPartOf\":{\"@id\":\"https:\/\/saude.novartis.com.br\/cancer-de-mama\/#website\"},\"primaryImageOfPage\":{\"@id\":\"https:\/\/saude.novartis.com.br\/cancer-de-mama\/voce-tem-direitos-conheca-seus-direitos-como-paciente-com-cancer-de-mama-metastatico-2\/#primaryimage\"},\"image\":{\"@id\":\"https:\/\/saude.novartis.com.br\/cancer-de-mama\/voce-tem-direitos-conheca-seus-direitos-como-paciente-com-cancer-de-mama-metastatico-2\/#primaryimage\"},\"thumbnailUrl\":\"https:\/\/saude.novartis.com.br\/cancer-de-mama\/wp-content\/uploads\/sites\/10\/2026\/03\/img-caminho-10sabe-dos-seus-direitos-topo.jpg\",\"datePublished\":\"2026-03-10T14:46:55+00:00\",\"breadcrumb\":{\"@id\":\"https:\/\/saude.novartis.com.br\/cancer-de-mama\/voce-tem-direitos-conheca-seus-direitos-como-paciente-com-cancer-de-mama-metastatico-2\/#breadcrumb\"},\"inLanguage\":\"pt-BR\",\"potentialAction\":[{\"@type\":\"ReadAction\",\"target\":[\"https:\/\/saude.novartis.com.br\/cancer-de-mama\/voce-tem-direitos-conheca-seus-direitos-como-paciente-com-cancer-de-mama-metastatico-2\/\"]}]},{\"@type\":\"ImageObject\",\"inLanguage\":\"pt-BR\",\"@id\":\"https:\/\/saude.novartis.com.br\/cancer-de-mama\/voce-tem-direitos-conheca-seus-direitos-como-paciente-com-cancer-de-mama-metastatico-2\/#primaryimage\",\"url\":\"https:\/\/saude.novartis.com.br\/cancer-de-mama\/wp-content\/uploads\/sites\/10\/2026\/03\/img-caminho-10sabe-dos-seus-direitos-topo.jpg\",\"contentUrl\":\"https:\/\/saude.novartis.com.br\/cancer-de-mama\/wp-content\/uploads\/sites\/10\/2026\/03\/img-caminho-10sabe-dos-seus-direitos-topo.jpg\",\"width\":1300,\"height\":850},{\"@type\":\"BreadcrumbList\",\"@id\":\"https:\/\/saude.novartis.com.br\/cancer-de-mama\/voce-tem-direitos-conheca-seus-direitos-como-paciente-com-cancer-de-mama-metastatico-2\/#breadcrumb\",\"itemListElement\":[{\"@type\":\"ListItem\",\"position\":1,\"name\":\"In\u00edcio\",\"item\":\"https:\/\/saude.novartis.com.br\/cancer-de-mama\/\"},{\"@type\":\"ListItem\",\"position\":2,\"name\":\"Voc\u00ea Tem Direitos: Conhe\u00e7a Seus Direitos Como Paciente com C\u00e2ncer de Mama Metast\u00e1tico\"}]},{\"@type\":\"WebSite\",\"@id\":\"https:\/\/saude.novartis.com.br\/cancer-de-mama\/#website\",\"url\":\"https:\/\/saude.novartis.com.br\/cancer-de-mama\/\",\"name\":\"C\u00e2ncer de Mama\",\"description\":\"Saiba exatamente o que \u00e9 C\u00e2ncer de Mama. Conhe\u00e7a seus sintomas, diagn\u00f3sticos e tratamento. Acesse nossos conte\u00fados Novartis e saiba mais. | Novartis\",\"publisher\":{\"@id\":\"https:\/\/saude.novartis.com.br\/cancer-de-mama\/#organization\"},\"potentialAction\":[{\"@type\":\"SearchAction\",\"target\":{\"@type\":\"EntryPoint\",\"urlTemplate\":\"https:\/\/saude.novartis.com.br\/cancer-de-mama\/?s={search_term_string}\"},\"query-input\":{\"@type\":\"PropertyValueSpecification\",\"valueRequired\":true,\"valueName\":\"search_term_string\"}}],\"inLanguage\":\"pt-BR\"},{\"@type\":\"Organization\",\"@id\":\"https:\/\/saude.novartis.com.br\/cancer-de-mama\/#organization\",\"name\":\"Novartis\",\"url\":\"https:\/\/saude.novartis.com.br\/cancer-de-mama\/\",\"logo\":{\"@type\":\"ImageObject\",\"inLanguage\":\"pt-BR\",\"@id\":\"https:\/\/saude.novartis.com.br\/cancer-de-mama\/#\/schema\/logo\/image\/\",\"url\":\"https:\/\/saude.novartis.com.br\/cancer-de-mama\/wp-content\/uploads\/sites\/10\/2025\/09\/logo_meu-caminho-cancer-de-mama1.png\",\"contentUrl\":\"https:\/\/saude.novartis.com.br\/cancer-de-mama\/wp-content\/uploads\/sites\/10\/2025\/09\/logo_meu-caminho-cancer-de-mama1.png\",\"width\":273,\"height\":117,\"caption\":\"Novartis\"},\"image\":{\"@id\":\"https:\/\/saude.novartis.com.br\/cancer-de-mama\/#\/schema\/logo\/image\/\"}},{\"@type\":\"Person\",\"@id\":\"https:\/\/saude.novartis.com.br\/cancer-de-mama\/#\/schema\/person\/1b318d777ae0f4814fdb68ae4d486b85\",\"name\":\"Emerson Archanjo\",\"image\":{\"@type\":\"ImageObject\",\"inLanguage\":\"pt-BR\",\"@id\":\"https:\/\/saude.novartis.com.br\/cancer-de-mama\/#\/schema\/person\/image\/\",\"url\":\"https:\/\/secure.gravatar.com\/avatar\/2455536163c7e046593984ca72822786?s=96&d=mm&r=g\",\"contentUrl\":\"https:\/\/secure.gravatar.com\/avatar\/2455536163c7e046593984ca72822786?s=96&d=mm&r=g\",\"caption\":\"Emerson Archanjo\"},\"url\":\"https:\/\/saude.novartis.com.br\/cancer-de-mama\/author\/caramem1\/\"}]}<\/script>\n<!-- \/ Yoast SEO plugin. -->","yoast_head_json":{"title":"Voc\u00ea Tem Direitos: Conhe\u00e7a Seus Direitos Como Paciente com C\u00e2ncer de Mama Metast\u00e1tico - C\u00e2ncer de Mama","robots":{"index":"index","follow":"follow","max-snippet":"max-snippet:-1","max-image-preview":"max-image-preview:large","max-video-preview":"max-video-preview:-1"},"canonical":"https:\/\/saude.novartis.com.br\/cancer-de-mama\/voce-tem-direitos-conheca-seus-direitos-como-paciente-com-cancer-de-mama-metastatico-2\/","og_locale":"pt_BR","og_type":"article","og_title":"Voc\u00ea Tem Direitos: Conhe\u00e7a Seus Direitos Como Paciente com C\u00e2ncer de Mama Metast\u00e1tico - C\u00e2ncer de Mama","og_description":"Receber o diagn\u00f3stico de c\u00e2ncer de mama metast\u00e1tico n\u00e3o \u00e9 apenas um momento desafiador na...","og_url":"https:\/\/saude.novartis.com.br\/cancer-de-mama\/voce-tem-direitos-conheca-seus-direitos-como-paciente-com-cancer-de-mama-metastatico-2\/","og_site_name":"C\u00e2ncer de Mama","article_published_time":"2026-03-10T14:46:55+00:00","og_image":[{"width":1300,"height":850,"url":"https:\/\/saude.novartis.com.br\/cancer-de-mama\/wp-content\/uploads\/sites\/10\/2026\/03\/img-caminho-10sabe-dos-seus-direitos-topo.jpg","type":"image\/jpeg"}],"author":"Emerson Archanjo","twitter_card":"summary_large_image","twitter_misc":{"Escrito por":"Emerson Archanjo","Est. tempo de leitura":"3 minutos"},"schema":{"@context":"https:\/\/schema.org","@graph":[{"@type":"Article","@id":"https:\/\/saude.novartis.com.br\/cancer-de-mama\/voce-tem-direitos-conheca-seus-direitos-como-paciente-com-cancer-de-mama-metastatico-2\/#article","isPartOf":{"@id":"https:\/\/saude.novartis.com.br\/cancer-de-mama\/voce-tem-direitos-conheca-seus-direitos-como-paciente-com-cancer-de-mama-metastatico-2\/"},"author":{"name":"Emerson Archanjo","@id":"https:\/\/saude.novartis.com.br\/cancer-de-mama\/#\/schema\/person\/1b318d777ae0f4814fdb68ae4d486b85"},"headline":"Voc\u00ea Tem Direitos: Conhe\u00e7a Seus Direitos Como Paciente com C\u00e2ncer de Mama Metast\u00e1tico","datePublished":"2026-03-10T14:46:55+00:00","mainEntityOfPage":{"@id":"https:\/\/saude.novartis.com.br\/cancer-de-mama\/voce-tem-direitos-conheca-seus-direitos-como-paciente-com-cancer-de-mama-metastatico-2\/"},"wordCount":674,"publisher":{"@id":"https:\/\/saude.novartis.com.br\/cancer-de-mama\/#organization"},"image":{"@id":"https:\/\/saude.novartis.com.br\/cancer-de-mama\/voce-tem-direitos-conheca-seus-direitos-como-paciente-com-cancer-de-mama-metastatico-2\/#primaryimage"},"thumbnailUrl":"https:\/\/saude.novartis.com.br\/cancer-de-mama\/wp-content\/uploads\/sites\/10\/2026\/03\/img-caminho-10sabe-dos-seus-direitos-topo.jpg","articleSection":["C\u00e2ncer de Mama Metast\u00e1tico"],"inLanguage":"pt-BR"},{"@type":"WebPage","@id":"https:\/\/saude.novartis.com.br\/cancer-de-mama\/voce-tem-direitos-conheca-seus-direitos-como-paciente-com-cancer-de-mama-metastatico-2\/","url":"https:\/\/saude.novartis.com.br\/cancer-de-mama\/voce-tem-direitos-conheca-seus-direitos-como-paciente-com-cancer-de-mama-metastatico-2\/","name":"Voc\u00ea Tem Direitos: Conhe\u00e7a Seus Direitos Como Paciente com C\u00e2ncer de Mama Metast\u00e1tico - C\u00e2ncer de Mama","isPartOf":{"@id":"https:\/\/saude.novartis.com.br\/cancer-de-mama\/#website"},"primaryImageOfPage":{"@id":"https:\/\/saude.novartis.com.br\/cancer-de-mama\/voce-tem-direitos-conheca-seus-direitos-como-paciente-com-cancer-de-mama-metastatico-2\/#primaryimage"},"image":{"@id":"https:\/\/saude.novartis.com.br\/cancer-de-mama\/voce-tem-direitos-conheca-seus-direitos-como-paciente-com-cancer-de-mama-metastatico-2\/#primaryimage"},"thumbnailUrl":"https:\/\/saude.novartis.com.br\/cancer-de-mama\/wp-content\/uploads\/sites\/10\/2026\/03\/img-caminho-10sabe-dos-seus-direitos-topo.jpg","datePublished":"2026-03-10T14:46:55+00:00","breadcrumb":{"@id":"https:\/\/saude.novartis.com.br\/cancer-de-mama\/voce-tem-direitos-conheca-seus-direitos-como-paciente-com-cancer-de-mama-metastatico-2\/#breadcrumb"},"inLanguage":"pt-BR","potentialAction":[{"@type":"ReadAction","target":["https:\/\/saude.novartis.com.br\/cancer-de-mama\/voce-tem-direitos-conheca-seus-direitos-como-paciente-com-cancer-de-mama-metastatico-2\/"]}]},{"@type":"ImageObject","inLanguage":"pt-BR","@id":"https:\/\/saude.novartis.com.br\/cancer-de-mama\/voce-tem-direitos-conheca-seus-direitos-como-paciente-com-cancer-de-mama-metastatico-2\/#primaryimage","url":"https:\/\/saude.novartis.com.br\/cancer-de-mama\/wp-content\/uploads\/sites\/10\/2026\/03\/img-caminho-10sabe-dos-seus-direitos-topo.jpg","contentUrl":"https:\/\/saude.novartis.com.br\/cancer-de-mama\/wp-content\/uploads\/sites\/10\/2026\/03\/img-caminho-10sabe-dos-seus-direitos-topo.jpg","width":1300,"height":850},{"@type":"BreadcrumbList","@id":"https:\/\/saude.novartis.com.br\/cancer-de-mama\/voce-tem-direitos-conheca-seus-direitos-como-paciente-com-cancer-de-mama-metastatico-2\/#breadcrumb","itemListElement":[{"@type":"ListItem","position":1,"name":"In\u00edcio","item":"https:\/\/saude.novartis.com.br\/cancer-de-mama\/"},{"@type":"ListItem","position":2,"name":"Voc\u00ea Tem Direitos: Conhe\u00e7a Seus Direitos Como Paciente com C\u00e2ncer de Mama Metast\u00e1tico"}]},{"@type":"WebSite","@id":"https:\/\/saude.novartis.com.br\/cancer-de-mama\/#website","url":"https:\/\/saude.novartis.com.br\/cancer-de-mama\/","name":"C\u00e2ncer de Mama","description":"Saiba exatamente o que \u00e9 C\u00e2ncer de Mama. Conhe\u00e7a seus sintomas, diagn\u00f3sticos e tratamento. Acesse nossos conte\u00fados Novartis e saiba mais. | Novartis","publisher":{"@id":"https:\/\/saude.novartis.com.br\/cancer-de-mama\/#organization"},"potentialAction":[{"@type":"SearchAction","target":{"@type":"EntryPoint","urlTemplate":"https:\/\/saude.novartis.com.br\/cancer-de-mama\/?s={search_term_string}"},"query-input":{"@type":"PropertyValueSpecification","valueRequired":true,"valueName":"search_term_string"}}],"inLanguage":"pt-BR"},{"@type":"Organization","@id":"https:\/\/saude.novartis.com.br\/cancer-de-mama\/#organization","name":"Novartis","url":"https:\/\/saude.novartis.com.br\/cancer-de-mama\/","logo":{"@type":"ImageObject","inLanguage":"pt-BR","@id":"https:\/\/saude.novartis.com.br\/cancer-de-mama\/#\/schema\/logo\/image\/","url":"https:\/\/saude.novartis.com.br\/cancer-de-mama\/wp-content\/uploads\/sites\/10\/2025\/09\/logo_meu-caminho-cancer-de-mama1.png","contentUrl":"https:\/\/saude.novartis.com.br\/cancer-de-mama\/wp-content\/uploads\/sites\/10\/2025\/09\/logo_meu-caminho-cancer-de-mama1.png","width":273,"height":117,"caption":"Novartis"},"image":{"@id":"https:\/\/saude.novartis.com.br\/cancer-de-mama\/#\/schema\/logo\/image\/"}},{"@type":"Person","@id":"https:\/\/saude.novartis.com.br\/cancer-de-mama\/#\/schema\/person\/1b318d777ae0f4814fdb68ae4d486b85","name":"Emerson Archanjo","image":{"@type":"ImageObject","inLanguage":"pt-BR","@id":"https:\/\/saude.novartis.com.br\/cancer-de-mama\/#\/schema\/person\/image\/","url":"https:\/\/secure.gravatar.com\/avatar\/2455536163c7e046593984ca72822786?s=96&d=mm&r=g","contentUrl":"https:\/\/secure.gravatar.com\/avatar\/2455536163c7e046593984ca72822786?s=96&d=mm&r=g","caption":"Emerson Archanjo"},"url":"https:\/\/saude.novartis.com.br\/cancer-de-mama\/author\/caramem1\/"}]}},"_links":{"self":[{"href":"https:\/\/saude.novartis.com.br\/cancer-de-mama\/wp-json\/wp\/v2\/posts\/5315"}],"collection":[{"href":"https:\/\/saude.novartis.com.br\/cancer-de-mama\/wp-json\/wp\/v2\/posts"}],"about":[{"href":"https:\/\/saude.novartis.com.br\/cancer-de-mama\/wp-json\/wp\/v2\/types\/post"}],"author":[{"embeddable":true,"href":"https:\/\/saude.novartis.com.br\/cancer-de-mama\/wp-json\/wp\/v2\/users\/2"}],"replies":[{"embeddable":true,"href":"https:\/\/saude.novartis.com.br\/cancer-de-mama\/wp-json\/wp\/v2\/comments?post=5315"}],"version-history":[{"count":4,"href":"https:\/\/saude.novartis.com.br\/cancer-de-mama\/wp-json\/wp\/v2\/posts\/5315\/revisions"}],"predecessor-version":[{"id":5373,"href":"https:\/\/saude.novartis.com.br\/cancer-de-mama\/wp-json\/wp\/v2\/posts\/5315\/revisions\/5373"}],"wp:featuredmedia":[{"embeddable":true,"href":"https:\/\/saude.novartis.com.br\/cancer-de-mama\/wp-json\/wp\/v2\/media\/5368"}],"wp:attachment":[{"href":"https:\/\/saude.novartis.com.br\/cancer-de-mama\/wp-json\/wp\/v2\/media?parent=5315"}],"wp:term":[{"taxonomy":"category","embeddable":true,"href":"https:\/\/saude.novartis.com.br\/cancer-de-mama\/wp-json\/wp\/v2\/categories?post=5315"},{"taxonomy":"post_tag","embeddable":true,"href":"https:\/\/saude.novartis.com.br\/cancer-de-mama\/wp-json\/wp\/v2\/tags?post=5315"}],"curies":[{"name":"wp","href":"https:\/\/api.w.org\/{rel}","templated":true}]}}