{"id":5313,"date":"2026-03-10T11:46:54","date_gmt":"2026-03-10T14:46:54","guid":{"rendered":"https:\/\/saude.novartis.com.br\/cancer-de-mama\/?p=5313"},"modified":"2026-03-10T11:46:54","modified_gmt":"2026-03-10T14:46:54","slug":"saude-mental-quando-sentir-tambem-e-cuidar-2","status":"publish","type":"post","link":"https:\/\/saude.novartis.com.br\/cancer-de-mama\/saude-mental-quando-sentir-tambem-e-cuidar-2\/","title":{"rendered":"Sa\u00fade mental: quando sentir tamb\u00e9m \u00e9 cuidar"},"content":{"rendered":"<h3>Voc\u00ea j\u00e1 ouviu que precisa ser forte, mas ningu\u00e9m precisa fingir que est\u00e1 tudo bem o tempo todo.<\/h3>\n<p>E esse desafio n\u00e3o \u00e9 s\u00f3 f\u00edsico, ele mexe com a cabe\u00e7a, com as emo\u00e7\u00f5es, com o jeito de ver a vida. E tudo isso precisa ser acolhido com o mesmo cuidado que voc\u00ea d\u00e1 ao corpo.<sup>1<\/sup><\/p>\n<p>Tem dias em que voc\u00ea pode se sentir esgotada, insegura ou desanimada.<\/p>\n<p>Reconhecer essas emo\u00e7\u00f5es \u00e9 um passo importante. Elas n\u00e3o anulam sua for\u00e7a, apenas mostram que voc\u00ea \u00e9 humana e que est\u00e1 atravessando algo real.<sup>2<\/sup><\/p>\n<div style=\"background-color: #ffffff;  margin-bottom: 25px;\" >\n<div class=\"row\">\n<div class=\"col-md-5\">\n        <img decoding=\"async\" src=\"https:\/\/saude.novartis.com.br\/cancer-de-mama\/wp-content\/uploads\/sites\/10\/2025\/10\/img-caminho-saude-mental-05.jpg\"  class=\"img-fluid\">\n    <\/div>\n<div class=\" col-md-6\">\n<div style=\"align-content: center; margin: 5px 10px;\">\n<p style=\"font-size: 1.1em;\"><b>Cuidar da mente tamb\u00e9m faz parte do tratamento<\/b><\/p>\n<p style=\"font-size: 1.1em;\">A sa\u00fade mental est\u00e1 diretamente ligada \u00e0 qualidade de vida e at\u00e9 \u00e0 ades\u00e3o ao tratamento. Quando a mente est\u00e1 mais leve, o corpo responde melhor.<sup>3<\/sup><\/p>\n<p style=\"font-size: 1.1em;\">Pequenos gestos podem ajudar:<\/p>\n<ul style=\"margin-left: 20px;\">\n<li>Conversar com um profissional de sa\u00fade mental<sup>3<\/sup> <\/li>\n<li>Compartilhar o que sente com quem voc\u00ea confia<sup>3<\/sup> <\/li>\n<li>Escrever, meditar ou fazer algo que te acalme<sup>3<\/sup> <\/li>\n<li>Respeitar seu tempo, seus limites e suas pausas<sup>3<\/sup> <\/li>\n<\/ul><\/div>\n<\/p><\/div>\n<\/p><\/div>\n<\/div>\n<div style=\"background-color: #ffffff;  margin-bottom: 25px;\" >\n<div class=\"row\">\n<div class=\" col-md-7\">\n<div style=\"align-content: center; margin: 5px 10px;\">\n<p style=\"font-size: 1.1em;\"><b>O apoio existe, e voc\u00ea merece receber<\/b><\/p>\n<p style=\"font-size: 1.1em;\">Voc\u00ea n\u00e3o precisa dar conta sozinha, procure por redes de apoio, grupos e espa\u00e7os de escuta.<\/p>\n<p style=\"font-size: 1.1em; color:#d23c8f;\">Permitir-se ser cuidada emocionalmente, <b>tamb\u00e9m \u00e9 um ato de coragem<\/b>.<\/p>\n<\/p><\/div>\n<\/p><\/div>\n<div class=\" col-md-4\">\n        <img decoding=\"async\" src=\"https:\/\/saude.novartis.com.br\/cancer-de-mama\/wp-content\/uploads\/sites\/10\/2026\/03\/imagem_protagonista-slogan.jpg\" class=\"img-fluid\">\n    <\/div>\n<\/p><\/div>\n<\/div>\n<p><!-- REFERENCIAL ============== --><\/p>\n<hr>\n<p><small><b>Refer\u00eancias:<\/b><br \/>\n1. American Cancer Society. Managing Emotions During Cancer. Dispon\u00edvel em: https:\/\/www.cancer.org. Acesso em: agosto de 2025. 2. Cancer.Net. Coping With Cancer. Dispon\u00edvel em: https:\/\/www.cancer.net. Acesso em: agosto de 2025. 3. National Cancer Institute. Mental Health and Cancer. Dispon\u00edvel em: https:\/\/www.cancer.gov. Acesso em: 25 de agosto de 2025.<br \/>\n<\/small><\/p>\n<hr>\n<p><small>Material destinado ao p\u00fablico leigo. 2026 \u24d2 Direitos reservados Novartis Bioci\u00eancias S\/A. Proibida a reprodu\u00e7\u00e3o total ou parcial sem a autoriza\u00e7\u00e3o do titular. Produzido em Janeiro\/2026 <\/small><\/p>\n<p>BR-36417<\/p>\n<style>\n.img-fluid{\nmax-width: 100%;\nheight: auto;\n}\n<\/style>\n","protected":false},"excerpt":{"rendered":"<p>Voc\u00ea j\u00e1 ouviu que precisa ser forte, mas ningu\u00e9m precisa fingir que est\u00e1 tudo bem&#8230;<\/p>\n","protected":false},"author":2,"featured_media":5365,"comment_status":"closed","ping_status":"open","sticky":false,"template":"single-largura-total.php","format":"standard","meta":{"_acf_changed":false,"footnotes":""},"categories":[25],"tags":[],"class_list":["post-5313","post","type-post","status-publish","format-standard","has-post-thumbnail","hentry","category-cancer-de-mama-metastatico"],"acf":[],"yoast_head":"<!-- This site is optimized with the Yoast SEO plugin v25.1 - https:\/\/yoast.com\/wordpress\/plugins\/seo\/ -->\n<title>Sa\u00fade mental: quando sentir tamb\u00e9m \u00e9 cuidar - C\u00e2ncer de Mama<\/title>\n<meta name=\"robots\" content=\"index, follow, max-snippet:-1, max-image-preview:large, max-video-preview:-1\" \/>\n<link rel=\"canonical\" href=\"https:\/\/saude.novartis.com.br\/cancer-de-mama\/saude-mental-quando-sentir-tambem-e-cuidar-2\/\" \/>\n<meta property=\"og:locale\" content=\"pt_BR\" \/>\n<meta property=\"og:type\" content=\"article\" \/>\n<meta property=\"og:title\" content=\"Sa\u00fade mental: quando sentir tamb\u00e9m \u00e9 cuidar - C\u00e2ncer de Mama\" \/>\n<meta property=\"og:description\" content=\"Voc\u00ea j\u00e1 ouviu que precisa ser forte, mas ningu\u00e9m precisa fingir que est\u00e1 tudo bem...\" \/>\n<meta property=\"og:url\" content=\"https:\/\/saude.novartis.com.br\/cancer-de-mama\/saude-mental-quando-sentir-tambem-e-cuidar-2\/\" \/>\n<meta property=\"og:site_name\" content=\"C\u00e2ncer de Mama\" \/>\n<meta property=\"article:published_time\" content=\"2026-03-10T14:46:54+00:00\" \/>\n<meta property=\"og:image\" content=\"https:\/\/saude.novartis.com.br\/cancer-de-mama\/wp-content\/uploads\/sites\/10\/2026\/03\/img-caminho-9saude-mental-no-tratamento-topo.jpg\" \/>\n\t<meta property=\"og:image:width\" content=\"1300\" \/>\n\t<meta property=\"og:image:height\" content=\"850\" \/>\n\t<meta property=\"og:image:type\" content=\"image\/jpeg\" \/>\n<meta name=\"author\" content=\"Emerson Archanjo\" \/>\n<meta name=\"twitter:card\" content=\"summary_large_image\" \/>\n<meta name=\"twitter:label1\" content=\"Escrito por\" \/>\n\t<meta name=\"twitter:data1\" content=\"Emerson Archanjo\" \/>\n\t<meta name=\"twitter:label2\" content=\"Est. tempo de leitura\" \/>\n\t<meta name=\"twitter:data2\" content=\"1 minuto\" \/>\n<script type=\"application\/ld+json\" class=\"yoast-schema-graph\">{\"@context\":\"https:\/\/schema.org\",\"@graph\":[{\"@type\":\"Article\",\"@id\":\"https:\/\/saude.novartis.com.br\/cancer-de-mama\/saude-mental-quando-sentir-tambem-e-cuidar-2\/#article\",\"isPartOf\":{\"@id\":\"https:\/\/saude.novartis.com.br\/cancer-de-mama\/saude-mental-quando-sentir-tambem-e-cuidar-2\/\"},\"author\":{\"name\":\"Emerson Archanjo\",\"@id\":\"https:\/\/saude.novartis.com.br\/cancer-de-mama\/#\/schema\/person\/1b318d777ae0f4814fdb68ae4d486b85\"},\"headline\":\"Sa\u00fade mental: quando sentir tamb\u00e9m \u00e9 cuidar\",\"datePublished\":\"2026-03-10T14:46:54+00:00\",\"mainEntityOfPage\":{\"@id\":\"https:\/\/saude.novartis.com.br\/cancer-de-mama\/saude-mental-quando-sentir-tambem-e-cuidar-2\/\"},\"wordCount\":295,\"publisher\":{\"@id\":\"https:\/\/saude.novartis.com.br\/cancer-de-mama\/#organization\"},\"image\":{\"@id\":\"https:\/\/saude.novartis.com.br\/cancer-de-mama\/saude-mental-quando-sentir-tambem-e-cuidar-2\/#primaryimage\"},\"thumbnailUrl\":\"https:\/\/saude.novartis.com.br\/cancer-de-mama\/wp-content\/uploads\/sites\/10\/2026\/03\/img-caminho-9saude-mental-no-tratamento-topo.jpg\",\"articleSection\":[\"C\u00e2ncer de Mama Metast\u00e1tico\"],\"inLanguage\":\"pt-BR\"},{\"@type\":\"WebPage\",\"@id\":\"https:\/\/saude.novartis.com.br\/cancer-de-mama\/saude-mental-quando-sentir-tambem-e-cuidar-2\/\",\"url\":\"https:\/\/saude.novartis.com.br\/cancer-de-mama\/saude-mental-quando-sentir-tambem-e-cuidar-2\/\",\"name\":\"Sa\u00fade mental: quando sentir tamb\u00e9m \u00e9 cuidar - C\u00e2ncer de Mama\",\"isPartOf\":{\"@id\":\"https:\/\/saude.novartis.com.br\/cancer-de-mama\/#website\"},\"primaryImageOfPage\":{\"@id\":\"https:\/\/saude.novartis.com.br\/cancer-de-mama\/saude-mental-quando-sentir-tambem-e-cuidar-2\/#primaryimage\"},\"image\":{\"@id\":\"https:\/\/saude.novartis.com.br\/cancer-de-mama\/saude-mental-quando-sentir-tambem-e-cuidar-2\/#primaryimage\"},\"thumbnailUrl\":\"https:\/\/saude.novartis.com.br\/cancer-de-mama\/wp-content\/uploads\/sites\/10\/2026\/03\/img-caminho-9saude-mental-no-tratamento-topo.jpg\",\"datePublished\":\"2026-03-10T14:46:54+00:00\",\"breadcrumb\":{\"@id\":\"https:\/\/saude.novartis.com.br\/cancer-de-mama\/saude-mental-quando-sentir-tambem-e-cuidar-2\/#breadcrumb\"},\"inLanguage\":\"pt-BR\",\"potentialAction\":[{\"@type\":\"ReadAction\",\"target\":[\"https:\/\/saude.novartis.com.br\/cancer-de-mama\/saude-mental-quando-sentir-tambem-e-cuidar-2\/\"]}]},{\"@type\":\"ImageObject\",\"inLanguage\":\"pt-BR\",\"@id\":\"https:\/\/saude.novartis.com.br\/cancer-de-mama\/saude-mental-quando-sentir-tambem-e-cuidar-2\/#primaryimage\",\"url\":\"https:\/\/saude.novartis.com.br\/cancer-de-mama\/wp-content\/uploads\/sites\/10\/2026\/03\/img-caminho-9saude-mental-no-tratamento-topo.jpg\",\"contentUrl\":\"https:\/\/saude.novartis.com.br\/cancer-de-mama\/wp-content\/uploads\/sites\/10\/2026\/03\/img-caminho-9saude-mental-no-tratamento-topo.jpg\",\"width\":1300,\"height\":850},{\"@type\":\"BreadcrumbList\",\"@id\":\"https:\/\/saude.novartis.com.br\/cancer-de-mama\/saude-mental-quando-sentir-tambem-e-cuidar-2\/#breadcrumb\",\"itemListElement\":[{\"@type\":\"ListItem\",\"position\":1,\"name\":\"In\u00edcio\",\"item\":\"https:\/\/saude.novartis.com.br\/cancer-de-mama\/\"},{\"@type\":\"ListItem\",\"position\":2,\"name\":\"Sa\u00fade mental: quando sentir tamb\u00e9m \u00e9 cuidar\"}]},{\"@type\":\"WebSite\",\"@id\":\"https:\/\/saude.novartis.com.br\/cancer-de-mama\/#website\",\"url\":\"https:\/\/saude.novartis.com.br\/cancer-de-mama\/\",\"name\":\"C\u00e2ncer de Mama\",\"description\":\"Saiba exatamente o que \u00e9 C\u00e2ncer de Mama. Conhe\u00e7a seus sintomas, diagn\u00f3sticos e tratamento. Acesse nossos conte\u00fados Novartis e saiba mais. | Novartis\",\"publisher\":{\"@id\":\"https:\/\/saude.novartis.com.br\/cancer-de-mama\/#organization\"},\"potentialAction\":[{\"@type\":\"SearchAction\",\"target\":{\"@type\":\"EntryPoint\",\"urlTemplate\":\"https:\/\/saude.novartis.com.br\/cancer-de-mama\/?s={search_term_string}\"},\"query-input\":{\"@type\":\"PropertyValueSpecification\",\"valueRequired\":true,\"valueName\":\"search_term_string\"}}],\"inLanguage\":\"pt-BR\"},{\"@type\":\"Organization\",\"@id\":\"https:\/\/saude.novartis.com.br\/cancer-de-mama\/#organization\",\"name\":\"Novartis\",\"url\":\"https:\/\/saude.novartis.com.br\/cancer-de-mama\/\",\"logo\":{\"@type\":\"ImageObject\",\"inLanguage\":\"pt-BR\",\"@id\":\"https:\/\/saude.novartis.com.br\/cancer-de-mama\/#\/schema\/logo\/image\/\",\"url\":\"https:\/\/saude.novartis.com.br\/cancer-de-mama\/wp-content\/uploads\/sites\/10\/2025\/09\/logo_meu-caminho-cancer-de-mama1.png\",\"contentUrl\":\"https:\/\/saude.novartis.com.br\/cancer-de-mama\/wp-content\/uploads\/sites\/10\/2025\/09\/logo_meu-caminho-cancer-de-mama1.png\",\"width\":273,\"height\":117,\"caption\":\"Novartis\"},\"image\":{\"@id\":\"https:\/\/saude.novartis.com.br\/cancer-de-mama\/#\/schema\/logo\/image\/\"}},{\"@type\":\"Person\",\"@id\":\"https:\/\/saude.novartis.com.br\/cancer-de-mama\/#\/schema\/person\/1b318d777ae0f4814fdb68ae4d486b85\",\"name\":\"Emerson Archanjo\",\"image\":{\"@type\":\"ImageObject\",\"inLanguage\":\"pt-BR\",\"@id\":\"https:\/\/saude.novartis.com.br\/cancer-de-mama\/#\/schema\/person\/image\/\",\"url\":\"https:\/\/secure.gravatar.com\/avatar\/2455536163c7e046593984ca72822786?s=96&d=mm&r=g\",\"contentUrl\":\"https:\/\/secure.gravatar.com\/avatar\/2455536163c7e046593984ca72822786?s=96&d=mm&r=g\",\"caption\":\"Emerson Archanjo\"},\"url\":\"https:\/\/saude.novartis.com.br\/cancer-de-mama\/author\/caramem1\/\"}]}<\/script>\n<!-- \/ Yoast SEO plugin. -->","yoast_head_json":{"title":"Sa\u00fade mental: quando sentir tamb\u00e9m \u00e9 cuidar - C\u00e2ncer de Mama","robots":{"index":"index","follow":"follow","max-snippet":"max-snippet:-1","max-image-preview":"max-image-preview:large","max-video-preview":"max-video-preview:-1"},"canonical":"https:\/\/saude.novartis.com.br\/cancer-de-mama\/saude-mental-quando-sentir-tambem-e-cuidar-2\/","og_locale":"pt_BR","og_type":"article","og_title":"Sa\u00fade mental: quando sentir tamb\u00e9m \u00e9 cuidar - C\u00e2ncer de Mama","og_description":"Voc\u00ea j\u00e1 ouviu que precisa ser forte, mas ningu\u00e9m precisa fingir que est\u00e1 tudo bem...","og_url":"https:\/\/saude.novartis.com.br\/cancer-de-mama\/saude-mental-quando-sentir-tambem-e-cuidar-2\/","og_site_name":"C\u00e2ncer de Mama","article_published_time":"2026-03-10T14:46:54+00:00","og_image":[{"width":1300,"height":850,"url":"https:\/\/saude.novartis.com.br\/cancer-de-mama\/wp-content\/uploads\/sites\/10\/2026\/03\/img-caminho-9saude-mental-no-tratamento-topo.jpg","type":"image\/jpeg"}],"author":"Emerson Archanjo","twitter_card":"summary_large_image","twitter_misc":{"Escrito por":"Emerson Archanjo","Est. tempo de leitura":"1 minuto"},"schema":{"@context":"https:\/\/schema.org","@graph":[{"@type":"Article","@id":"https:\/\/saude.novartis.com.br\/cancer-de-mama\/saude-mental-quando-sentir-tambem-e-cuidar-2\/#article","isPartOf":{"@id":"https:\/\/saude.novartis.com.br\/cancer-de-mama\/saude-mental-quando-sentir-tambem-e-cuidar-2\/"},"author":{"name":"Emerson Archanjo","@id":"https:\/\/saude.novartis.com.br\/cancer-de-mama\/#\/schema\/person\/1b318d777ae0f4814fdb68ae4d486b85"},"headline":"Sa\u00fade mental: quando sentir tamb\u00e9m \u00e9 cuidar","datePublished":"2026-03-10T14:46:54+00:00","mainEntityOfPage":{"@id":"https:\/\/saude.novartis.com.br\/cancer-de-mama\/saude-mental-quando-sentir-tambem-e-cuidar-2\/"},"wordCount":295,"publisher":{"@id":"https:\/\/saude.novartis.com.br\/cancer-de-mama\/#organization"},"image":{"@id":"https:\/\/saude.novartis.com.br\/cancer-de-mama\/saude-mental-quando-sentir-tambem-e-cuidar-2\/#primaryimage"},"thumbnailUrl":"https:\/\/saude.novartis.com.br\/cancer-de-mama\/wp-content\/uploads\/sites\/10\/2026\/03\/img-caminho-9saude-mental-no-tratamento-topo.jpg","articleSection":["C\u00e2ncer de Mama Metast\u00e1tico"],"inLanguage":"pt-BR"},{"@type":"WebPage","@id":"https:\/\/saude.novartis.com.br\/cancer-de-mama\/saude-mental-quando-sentir-tambem-e-cuidar-2\/","url":"https:\/\/saude.novartis.com.br\/cancer-de-mama\/saude-mental-quando-sentir-tambem-e-cuidar-2\/","name":"Sa\u00fade mental: quando sentir tamb\u00e9m \u00e9 cuidar - C\u00e2ncer de Mama","isPartOf":{"@id":"https:\/\/saude.novartis.com.br\/cancer-de-mama\/#website"},"primaryImageOfPage":{"@id":"https:\/\/saude.novartis.com.br\/cancer-de-mama\/saude-mental-quando-sentir-tambem-e-cuidar-2\/#primaryimage"},"image":{"@id":"https:\/\/saude.novartis.com.br\/cancer-de-mama\/saude-mental-quando-sentir-tambem-e-cuidar-2\/#primaryimage"},"thumbnailUrl":"https:\/\/saude.novartis.com.br\/cancer-de-mama\/wp-content\/uploads\/sites\/10\/2026\/03\/img-caminho-9saude-mental-no-tratamento-topo.jpg","datePublished":"2026-03-10T14:46:54+00:00","breadcrumb":{"@id":"https:\/\/saude.novartis.com.br\/cancer-de-mama\/saude-mental-quando-sentir-tambem-e-cuidar-2\/#breadcrumb"},"inLanguage":"pt-BR","potentialAction":[{"@type":"ReadAction","target":["https:\/\/saude.novartis.com.br\/cancer-de-mama\/saude-mental-quando-sentir-tambem-e-cuidar-2\/"]}]},{"@type":"ImageObject","inLanguage":"pt-BR","@id":"https:\/\/saude.novartis.com.br\/cancer-de-mama\/saude-mental-quando-sentir-tambem-e-cuidar-2\/#primaryimage","url":"https:\/\/saude.novartis.com.br\/cancer-de-mama\/wp-content\/uploads\/sites\/10\/2026\/03\/img-caminho-9saude-mental-no-tratamento-topo.jpg","contentUrl":"https:\/\/saude.novartis.com.br\/cancer-de-mama\/wp-content\/uploads\/sites\/10\/2026\/03\/img-caminho-9saude-mental-no-tratamento-topo.jpg","width":1300,"height":850},{"@type":"BreadcrumbList","@id":"https:\/\/saude.novartis.com.br\/cancer-de-mama\/saude-mental-quando-sentir-tambem-e-cuidar-2\/#breadcrumb","itemListElement":[{"@type":"ListItem","position":1,"name":"In\u00edcio","item":"https:\/\/saude.novartis.com.br\/cancer-de-mama\/"},{"@type":"ListItem","position":2,"name":"Sa\u00fade mental: quando sentir tamb\u00e9m \u00e9 cuidar"}]},{"@type":"WebSite","@id":"https:\/\/saude.novartis.com.br\/cancer-de-mama\/#website","url":"https:\/\/saude.novartis.com.br\/cancer-de-mama\/","name":"C\u00e2ncer de Mama","description":"Saiba exatamente o que \u00e9 C\u00e2ncer de Mama. Conhe\u00e7a seus sintomas, diagn\u00f3sticos e tratamento. Acesse nossos conte\u00fados Novartis e saiba mais. | Novartis","publisher":{"@id":"https:\/\/saude.novartis.com.br\/cancer-de-mama\/#organization"},"potentialAction":[{"@type":"SearchAction","target":{"@type":"EntryPoint","urlTemplate":"https:\/\/saude.novartis.com.br\/cancer-de-mama\/?s={search_term_string}"},"query-input":{"@type":"PropertyValueSpecification","valueRequired":true,"valueName":"search_term_string"}}],"inLanguage":"pt-BR"},{"@type":"Organization","@id":"https:\/\/saude.novartis.com.br\/cancer-de-mama\/#organization","name":"Novartis","url":"https:\/\/saude.novartis.com.br\/cancer-de-mama\/","logo":{"@type":"ImageObject","inLanguage":"pt-BR","@id":"https:\/\/saude.novartis.com.br\/cancer-de-mama\/#\/schema\/logo\/image\/","url":"https:\/\/saude.novartis.com.br\/cancer-de-mama\/wp-content\/uploads\/sites\/10\/2025\/09\/logo_meu-caminho-cancer-de-mama1.png","contentUrl":"https:\/\/saude.novartis.com.br\/cancer-de-mama\/wp-content\/uploads\/sites\/10\/2025\/09\/logo_meu-caminho-cancer-de-mama1.png","width":273,"height":117,"caption":"Novartis"},"image":{"@id":"https:\/\/saude.novartis.com.br\/cancer-de-mama\/#\/schema\/logo\/image\/"}},{"@type":"Person","@id":"https:\/\/saude.novartis.com.br\/cancer-de-mama\/#\/schema\/person\/1b318d777ae0f4814fdb68ae4d486b85","name":"Emerson Archanjo","image":{"@type":"ImageObject","inLanguage":"pt-BR","@id":"https:\/\/saude.novartis.com.br\/cancer-de-mama\/#\/schema\/person\/image\/","url":"https:\/\/secure.gravatar.com\/avatar\/2455536163c7e046593984ca72822786?s=96&d=mm&r=g","contentUrl":"https:\/\/secure.gravatar.com\/avatar\/2455536163c7e046593984ca72822786?s=96&d=mm&r=g","caption":"Emerson Archanjo"},"url":"https:\/\/saude.novartis.com.br\/cancer-de-mama\/author\/caramem1\/"}]}},"_links":{"self":[{"href":"https:\/\/saude.novartis.com.br\/cancer-de-mama\/wp-json\/wp\/v2\/posts\/5313"}],"collection":[{"href":"https:\/\/saude.novartis.com.br\/cancer-de-mama\/wp-json\/wp\/v2\/posts"}],"about":[{"href":"https:\/\/saude.novartis.com.br\/cancer-de-mama\/wp-json\/wp\/v2\/types\/post"}],"author":[{"embeddable":true,"href":"https:\/\/saude.novartis.com.br\/cancer-de-mama\/wp-json\/wp\/v2\/users\/2"}],"replies":[{"embeddable":true,"href":"https:\/\/saude.novartis.com.br\/cancer-de-mama\/wp-json\/wp\/v2\/comments?post=5313"}],"version-history":[{"count":3,"href":"https:\/\/saude.novartis.com.br\/cancer-de-mama\/wp-json\/wp\/v2\/posts\/5313\/revisions"}],"predecessor-version":[{"id":5367,"href":"https:\/\/saude.novartis.com.br\/cancer-de-mama\/wp-json\/wp\/v2\/posts\/5313\/revisions\/5367"}],"wp:featuredmedia":[{"embeddable":true,"href":"https:\/\/saude.novartis.com.br\/cancer-de-mama\/wp-json\/wp\/v2\/media\/5365"}],"wp:attachment":[{"href":"https:\/\/saude.novartis.com.br\/cancer-de-mama\/wp-json\/wp\/v2\/media?parent=5313"}],"wp:term":[{"taxonomy":"category","embeddable":true,"href":"https:\/\/saude.novartis.com.br\/cancer-de-mama\/wp-json\/wp\/v2\/categories?post=5313"},{"taxonomy":"post_tag","embeddable":true,"href":"https:\/\/saude.novartis.com.br\/cancer-de-mama\/wp-json\/wp\/v2\/tags?post=5313"}],"curies":[{"name":"wp","href":"https:\/\/api.w.org\/{rel}","templated":true}]}}