{"id":5309,"date":"2026-03-10T11:46:09","date_gmt":"2026-03-10T14:46:09","guid":{"rendered":"https:\/\/saude.novartis.com.br\/cancer-de-mama\/?p=5309"},"modified":"2026-03-10T11:46:09","modified_gmt":"2026-03-10T14:46:09","slug":"a-forca-de-quem-escolhe-o-proprio-caminho","status":"publish","type":"post","link":"https:\/\/saude.novartis.com.br\/cancer-de-mama\/a-forca-de-quem-escolhe-o-proprio-caminho\/","title":{"rendered":"A for\u00e7a de quem escolhe o pr\u00f3prio caminho"},"content":{"rendered":"<p>Nem sempre \u00e9 poss\u00edvel escolher o que acontece. Mas \u00e9 sempre poss\u00edvel escolher como seguir a partir disso. <\/p>\n<p>Receber o diagn\u00f3stico pode parecer o fim do controle sobre a pr\u00f3pria vida. Mas a verdade \u00e9 que, mesmo em meio ao medo, h\u00e1 escolhas que s\u00f3 voc\u00ea pode fazer.<sup>1<\/sup><\/p>\n<p>E \u00e9 nelas que mora a sua for\u00e7a.<\/p>\n<p><b>Voc\u00ea n\u00e3o precisa ter todas as respostas. S\u00f3 precisa se escutar.<\/b><\/p>\n<p style=\"font-size: 1.1em; color:#d23c8f;\"><b>Dizer \u201csim\u201d ao que faz sentido.<br \/>\nDizer \u201cainda n\u00e3o\u201d ao que parece demais.<br \/>\n    Pedir explica\u00e7\u00f5es. Mudar de ideia. Refletir com calma.<\/b><\/p>\n<p style=\"font-size: 1.1em; color:#d23c8f;\"><b>Tudo isso \u00e9 coragem.<br \/>\n    Tudo isso \u00e9 protagonismo.<sup>1<\/sup><\/b><\/p>\n<p>Cuidar de si tamb\u00e9m passa por respeitar seu tempo, suas d\u00favidas e seu jeito de encarar cada etapa.<sup>1<\/sup><\/p>\n<div style=\"background-color: #ffffff;  margin-bottom: 25px;\" >\n<div class=\"row\">\n<div class=\" col-md-6\">\n<div style=\"align-content: center; margin: 5px 10px;\">\n<p style=\"font-size: 1.1em;\"><b>Decidir junto \u00e9 um direito e um gesto de amor pr\u00f3prio<\/b><\/p>\n<p style=\"font-size: 1.1em;\">Tomar decis\u00f5es com sua equipe m\u00e9dica pode parecer desafiador. Mas quando voc\u00ea entende melhor o que est\u00e1 acontecendo, \u00e9 mais f\u00e1cil participar com consci\u00eancia.<sup>1<\/sup><\/p>\n<p style=\"font-size: 1.1em;\">Voc\u00ea pode:<\/p>\n<ul style=\"margin-left: 20px;\">\n<li>Fazer perguntas (quantas quiser)<\/li>\n<li>Compartilhar o que sente<\/li>\n<li>Sugerir pausas, mudan\u00e7as ou ajustes<\/li>\n<li>Dizer o que te deixa insegura<\/li>\n<li>Dizer o que te deixa mais forte<\/li>\n<\/ul>\n<p style=\"font-size: 1.1em;\">Escolher n\u00e3o \u00e9 um ato isolado. \u00c9 algo que se constr\u00f3i \u2014 todos os dias, no seu ritmo.<sup>1<\/sup><\/p>\n<\/p><\/div>\n<\/p><\/div>\n<div class=\"col-md-5\">\n        <img decoding=\"async\" src=\"https:\/\/saude.novartis.com.br\/cancer-de-mama\/wp-content\/uploads\/sites\/10\/2026\/03\/img-caminho-7forca-no-proprio-caminho-1.jpg\"  class=\"img-fluid\">\n    <\/div>\n<\/p><\/div>\n<\/div>\n<div style=\"background-color: #ffffff;  margin-bottom: 25px;\" >\n<div class=\"row\">\n<div class=\" col-md-4\">\n            <img decoding=\"async\" src=\"https:\/\/saude.novartis.com.br\/cancer-de-mama\/wp-content\/uploads\/sites\/10\/2026\/03\/imagem_protagonista-slogan.jpg\" class=\"img-fluid\">\n        <\/div>\n<div class=\" col-md-7\">\n<div style=\"align-content: center; margin: 5px 10px;\">\n<p style=\"font-size: 1.5em;\"><b>Voc\u00ea est\u00e1 escrevendo sua pr\u00f3pria hist\u00f3ria. E ela \u00e9 real, \u00fanica e sua.<\/b><\/p>\n<p style=\"font-size: 1.1em;\">Mesmo quando parecer tudo nublado, a sua presen\u00e7a est\u00e1 ali.<sup>1<\/sup><\/p>\n<p style=\"font-size: 1.1em;\">A cada passo consciente, voc\u00ea reafirma:<br \/>\n            \u201cEstou aqui. Estou comigo.\u201d<\/p>\n<p style=\"font-size: 1.1em;\">E essa \u00e9 uma das formas mais bonitas de for\u00e7a.<\/p>\n<\/p><\/div>\n<\/p><\/div>\n<\/p><\/div>\n<\/div>\n<p><!-- REFERENCIAL ============== --><\/p>\n<hr>\n<p><small><b>Refer\u00eancias:<\/b><br \/>\n1. CANADIAN CANCER SOCIETY. Making decisions about cancer treatment. Canadian Cancer Society. Dispon\u00edvel em: https:\/\/cancer.ca\/en\/cancer-information\/cancer-journey\/making-decisions\/making-decisions-about-cancer-treatment.Acesso em: 16 agosto de 2025.<br \/>\n<\/small><\/p>\n<hr>\n<p><small>Material destinado ao p\u00fablico leigo. 2026 \u24d2 Direitos reservados Novartis Bioci\u00eancias S\/A. Proibida a reprodu\u00e7\u00e3o total ou parcial sem a autoriza\u00e7\u00e3o do titular. Produzido em Janeiro\/2026 <\/small><\/p>\n<p>BR-36566<\/p>\n<style>\n.img-fluid{\nmax-width: 100%;\nheight: auto;\n}\n<\/style>\n","protected":false},"excerpt":{"rendered":"<p>Nem sempre \u00e9 poss\u00edvel escolher o que acontece. Mas \u00e9 sempre poss\u00edvel escolher como seguir&#8230;<\/p>\n","protected":false},"author":2,"featured_media":5329,"comment_status":"closed","ping_status":"open","sticky":false,"template":"single-largura-total.php","format":"standard","meta":{"_acf_changed":false,"footnotes":""},"categories":[22],"tags":[],"class_list":["post-5309","post","type-post","status-publish","format-standard","has-post-thumbnail","hentry","category-cancer-de-mama-inicial"],"acf":[],"yoast_head":"<!-- This site is optimized with the Yoast SEO plugin v25.1 - https:\/\/yoast.com\/wordpress\/plugins\/seo\/ -->\n<title>A for\u00e7a de quem escolhe o pr\u00f3prio caminho - C\u00e2ncer de Mama<\/title>\n<meta name=\"robots\" content=\"index, follow, max-snippet:-1, max-image-preview:large, max-video-preview:-1\" \/>\n<link rel=\"canonical\" href=\"https:\/\/saude.novartis.com.br\/cancer-de-mama\/a-forca-de-quem-escolhe-o-proprio-caminho\/\" \/>\n<meta property=\"og:locale\" content=\"pt_BR\" \/>\n<meta property=\"og:type\" content=\"article\" \/>\n<meta property=\"og:title\" content=\"A for\u00e7a de quem escolhe o pr\u00f3prio caminho - C\u00e2ncer de Mama\" \/>\n<meta property=\"og:description\" content=\"Nem sempre \u00e9 poss\u00edvel escolher o que acontece. Mas \u00e9 sempre poss\u00edvel escolher como seguir...\" \/>\n<meta property=\"og:url\" content=\"https:\/\/saude.novartis.com.br\/cancer-de-mama\/a-forca-de-quem-escolhe-o-proprio-caminho\/\" \/>\n<meta property=\"og:site_name\" content=\"C\u00e2ncer de Mama\" \/>\n<meta property=\"article:published_time\" content=\"2026-03-10T14:46:09+00:00\" \/>\n<meta property=\"og:image\" content=\"https:\/\/saude.novartis.com.br\/cancer-de-mama\/wp-content\/uploads\/sites\/10\/2026\/03\/img-caminho-7forca-no-proprio-caminho-topo.jpg\" \/>\n\t<meta property=\"og:image:width\" content=\"1300\" \/>\n\t<meta property=\"og:image:height\" content=\"850\" \/>\n\t<meta property=\"og:image:type\" content=\"image\/jpeg\" \/>\n<meta name=\"author\" content=\"Emerson Archanjo\" \/>\n<meta name=\"twitter:card\" content=\"summary_large_image\" \/>\n<meta name=\"twitter:label1\" content=\"Escrito por\" \/>\n\t<meta name=\"twitter:data1\" content=\"Emerson Archanjo\" \/>\n\t<meta name=\"twitter:label2\" content=\"Est. tempo de leitura\" \/>\n\t<meta name=\"twitter:data2\" content=\"2 minutos\" \/>\n<script type=\"application\/ld+json\" class=\"yoast-schema-graph\">{\"@context\":\"https:\/\/schema.org\",\"@graph\":[{\"@type\":\"Article\",\"@id\":\"https:\/\/saude.novartis.com.br\/cancer-de-mama\/a-forca-de-quem-escolhe-o-proprio-caminho\/#article\",\"isPartOf\":{\"@id\":\"https:\/\/saude.novartis.com.br\/cancer-de-mama\/a-forca-de-quem-escolhe-o-proprio-caminho\/\"},\"author\":{\"name\":\"Emerson Archanjo\",\"@id\":\"https:\/\/saude.novartis.com.br\/cancer-de-mama\/#\/schema\/person\/1b318d777ae0f4814fdb68ae4d486b85\"},\"headline\":\"A for\u00e7a de quem escolhe o pr\u00f3prio caminho\",\"datePublished\":\"2026-03-10T14:46:09+00:00\",\"mainEntityOfPage\":{\"@id\":\"https:\/\/saude.novartis.com.br\/cancer-de-mama\/a-forca-de-quem-escolhe-o-proprio-caminho\/\"},\"wordCount\":315,\"publisher\":{\"@id\":\"https:\/\/saude.novartis.com.br\/cancer-de-mama\/#organization\"},\"image\":{\"@id\":\"https:\/\/saude.novartis.com.br\/cancer-de-mama\/a-forca-de-quem-escolhe-o-proprio-caminho\/#primaryimage\"},\"thumbnailUrl\":\"https:\/\/saude.novartis.com.br\/cancer-de-mama\/wp-content\/uploads\/sites\/10\/2026\/03\/img-caminho-7forca-no-proprio-caminho-topo.jpg\",\"articleSection\":[\"C\u00e2ncer de Mama Inicial\"],\"inLanguage\":\"pt-BR\"},{\"@type\":\"WebPage\",\"@id\":\"https:\/\/saude.novartis.com.br\/cancer-de-mama\/a-forca-de-quem-escolhe-o-proprio-caminho\/\",\"url\":\"https:\/\/saude.novartis.com.br\/cancer-de-mama\/a-forca-de-quem-escolhe-o-proprio-caminho\/\",\"name\":\"A for\u00e7a de quem escolhe o pr\u00f3prio caminho - C\u00e2ncer de Mama\",\"isPartOf\":{\"@id\":\"https:\/\/saude.novartis.com.br\/cancer-de-mama\/#website\"},\"primaryImageOfPage\":{\"@id\":\"https:\/\/saude.novartis.com.br\/cancer-de-mama\/a-forca-de-quem-escolhe-o-proprio-caminho\/#primaryimage\"},\"image\":{\"@id\":\"https:\/\/saude.novartis.com.br\/cancer-de-mama\/a-forca-de-quem-escolhe-o-proprio-caminho\/#primaryimage\"},\"thumbnailUrl\":\"https:\/\/saude.novartis.com.br\/cancer-de-mama\/wp-content\/uploads\/sites\/10\/2026\/03\/img-caminho-7forca-no-proprio-caminho-topo.jpg\",\"datePublished\":\"2026-03-10T14:46:09+00:00\",\"breadcrumb\":{\"@id\":\"https:\/\/saude.novartis.com.br\/cancer-de-mama\/a-forca-de-quem-escolhe-o-proprio-caminho\/#breadcrumb\"},\"inLanguage\":\"pt-BR\",\"potentialAction\":[{\"@type\":\"ReadAction\",\"target\":[\"https:\/\/saude.novartis.com.br\/cancer-de-mama\/a-forca-de-quem-escolhe-o-proprio-caminho\/\"]}]},{\"@type\":\"ImageObject\",\"inLanguage\":\"pt-BR\",\"@id\":\"https:\/\/saude.novartis.com.br\/cancer-de-mama\/a-forca-de-quem-escolhe-o-proprio-caminho\/#primaryimage\",\"url\":\"https:\/\/saude.novartis.com.br\/cancer-de-mama\/wp-content\/uploads\/sites\/10\/2026\/03\/img-caminho-7forca-no-proprio-caminho-topo.jpg\",\"contentUrl\":\"https:\/\/saude.novartis.com.br\/cancer-de-mama\/wp-content\/uploads\/sites\/10\/2026\/03\/img-caminho-7forca-no-proprio-caminho-topo.jpg\",\"width\":1300,\"height\":850},{\"@type\":\"BreadcrumbList\",\"@id\":\"https:\/\/saude.novartis.com.br\/cancer-de-mama\/a-forca-de-quem-escolhe-o-proprio-caminho\/#breadcrumb\",\"itemListElement\":[{\"@type\":\"ListItem\",\"position\":1,\"name\":\"In\u00edcio\",\"item\":\"https:\/\/saude.novartis.com.br\/cancer-de-mama\/\"},{\"@type\":\"ListItem\",\"position\":2,\"name\":\"A for\u00e7a de quem escolhe o pr\u00f3prio caminho\"}]},{\"@type\":\"WebSite\",\"@id\":\"https:\/\/saude.novartis.com.br\/cancer-de-mama\/#website\",\"url\":\"https:\/\/saude.novartis.com.br\/cancer-de-mama\/\",\"name\":\"C\u00e2ncer de Mama\",\"description\":\"Saiba exatamente o que \u00e9 C\u00e2ncer de Mama. Conhe\u00e7a seus sintomas, diagn\u00f3sticos e tratamento. Acesse nossos conte\u00fados Novartis e saiba mais. | Novartis\",\"publisher\":{\"@id\":\"https:\/\/saude.novartis.com.br\/cancer-de-mama\/#organization\"},\"potentialAction\":[{\"@type\":\"SearchAction\",\"target\":{\"@type\":\"EntryPoint\",\"urlTemplate\":\"https:\/\/saude.novartis.com.br\/cancer-de-mama\/?s={search_term_string}\"},\"query-input\":{\"@type\":\"PropertyValueSpecification\",\"valueRequired\":true,\"valueName\":\"search_term_string\"}}],\"inLanguage\":\"pt-BR\"},{\"@type\":\"Organization\",\"@id\":\"https:\/\/saude.novartis.com.br\/cancer-de-mama\/#organization\",\"name\":\"Novartis\",\"url\":\"https:\/\/saude.novartis.com.br\/cancer-de-mama\/\",\"logo\":{\"@type\":\"ImageObject\",\"inLanguage\":\"pt-BR\",\"@id\":\"https:\/\/saude.novartis.com.br\/cancer-de-mama\/#\/schema\/logo\/image\/\",\"url\":\"https:\/\/saude.novartis.com.br\/cancer-de-mama\/wp-content\/uploads\/sites\/10\/2025\/09\/logo_meu-caminho-cancer-de-mama1.png\",\"contentUrl\":\"https:\/\/saude.novartis.com.br\/cancer-de-mama\/wp-content\/uploads\/sites\/10\/2025\/09\/logo_meu-caminho-cancer-de-mama1.png\",\"width\":273,\"height\":117,\"caption\":\"Novartis\"},\"image\":{\"@id\":\"https:\/\/saude.novartis.com.br\/cancer-de-mama\/#\/schema\/logo\/image\/\"}},{\"@type\":\"Person\",\"@id\":\"https:\/\/saude.novartis.com.br\/cancer-de-mama\/#\/schema\/person\/1b318d777ae0f4814fdb68ae4d486b85\",\"name\":\"Emerson Archanjo\",\"image\":{\"@type\":\"ImageObject\",\"inLanguage\":\"pt-BR\",\"@id\":\"https:\/\/saude.novartis.com.br\/cancer-de-mama\/#\/schema\/person\/image\/\",\"url\":\"https:\/\/secure.gravatar.com\/avatar\/2455536163c7e046593984ca72822786?s=96&d=mm&r=g\",\"contentUrl\":\"https:\/\/secure.gravatar.com\/avatar\/2455536163c7e046593984ca72822786?s=96&d=mm&r=g\",\"caption\":\"Emerson Archanjo\"},\"url\":\"https:\/\/saude.novartis.com.br\/cancer-de-mama\/author\/caramem1\/\"}]}<\/script>\n<!-- \/ Yoast SEO plugin. -->","yoast_head_json":{"title":"A for\u00e7a de quem escolhe o pr\u00f3prio caminho - C\u00e2ncer de Mama","robots":{"index":"index","follow":"follow","max-snippet":"max-snippet:-1","max-image-preview":"max-image-preview:large","max-video-preview":"max-video-preview:-1"},"canonical":"https:\/\/saude.novartis.com.br\/cancer-de-mama\/a-forca-de-quem-escolhe-o-proprio-caminho\/","og_locale":"pt_BR","og_type":"article","og_title":"A for\u00e7a de quem escolhe o pr\u00f3prio caminho - C\u00e2ncer de Mama","og_description":"Nem sempre \u00e9 poss\u00edvel escolher o que acontece. Mas \u00e9 sempre poss\u00edvel escolher como seguir...","og_url":"https:\/\/saude.novartis.com.br\/cancer-de-mama\/a-forca-de-quem-escolhe-o-proprio-caminho\/","og_site_name":"C\u00e2ncer de Mama","article_published_time":"2026-03-10T14:46:09+00:00","og_image":[{"width":1300,"height":850,"url":"https:\/\/saude.novartis.com.br\/cancer-de-mama\/wp-content\/uploads\/sites\/10\/2026\/03\/img-caminho-7forca-no-proprio-caminho-topo.jpg","type":"image\/jpeg"}],"author":"Emerson Archanjo","twitter_card":"summary_large_image","twitter_misc":{"Escrito por":"Emerson Archanjo","Est. tempo de leitura":"2 minutos"},"schema":{"@context":"https:\/\/schema.org","@graph":[{"@type":"Article","@id":"https:\/\/saude.novartis.com.br\/cancer-de-mama\/a-forca-de-quem-escolhe-o-proprio-caminho\/#article","isPartOf":{"@id":"https:\/\/saude.novartis.com.br\/cancer-de-mama\/a-forca-de-quem-escolhe-o-proprio-caminho\/"},"author":{"name":"Emerson Archanjo","@id":"https:\/\/saude.novartis.com.br\/cancer-de-mama\/#\/schema\/person\/1b318d777ae0f4814fdb68ae4d486b85"},"headline":"A for\u00e7a de quem escolhe o pr\u00f3prio caminho","datePublished":"2026-03-10T14:46:09+00:00","mainEntityOfPage":{"@id":"https:\/\/saude.novartis.com.br\/cancer-de-mama\/a-forca-de-quem-escolhe-o-proprio-caminho\/"},"wordCount":315,"publisher":{"@id":"https:\/\/saude.novartis.com.br\/cancer-de-mama\/#organization"},"image":{"@id":"https:\/\/saude.novartis.com.br\/cancer-de-mama\/a-forca-de-quem-escolhe-o-proprio-caminho\/#primaryimage"},"thumbnailUrl":"https:\/\/saude.novartis.com.br\/cancer-de-mama\/wp-content\/uploads\/sites\/10\/2026\/03\/img-caminho-7forca-no-proprio-caminho-topo.jpg","articleSection":["C\u00e2ncer de Mama Inicial"],"inLanguage":"pt-BR"},{"@type":"WebPage","@id":"https:\/\/saude.novartis.com.br\/cancer-de-mama\/a-forca-de-quem-escolhe-o-proprio-caminho\/","url":"https:\/\/saude.novartis.com.br\/cancer-de-mama\/a-forca-de-quem-escolhe-o-proprio-caminho\/","name":"A for\u00e7a de quem escolhe o pr\u00f3prio caminho - C\u00e2ncer de Mama","isPartOf":{"@id":"https:\/\/saude.novartis.com.br\/cancer-de-mama\/#website"},"primaryImageOfPage":{"@id":"https:\/\/saude.novartis.com.br\/cancer-de-mama\/a-forca-de-quem-escolhe-o-proprio-caminho\/#primaryimage"},"image":{"@id":"https:\/\/saude.novartis.com.br\/cancer-de-mama\/a-forca-de-quem-escolhe-o-proprio-caminho\/#primaryimage"},"thumbnailUrl":"https:\/\/saude.novartis.com.br\/cancer-de-mama\/wp-content\/uploads\/sites\/10\/2026\/03\/img-caminho-7forca-no-proprio-caminho-topo.jpg","datePublished":"2026-03-10T14:46:09+00:00","breadcrumb":{"@id":"https:\/\/saude.novartis.com.br\/cancer-de-mama\/a-forca-de-quem-escolhe-o-proprio-caminho\/#breadcrumb"},"inLanguage":"pt-BR","potentialAction":[{"@type":"ReadAction","target":["https:\/\/saude.novartis.com.br\/cancer-de-mama\/a-forca-de-quem-escolhe-o-proprio-caminho\/"]}]},{"@type":"ImageObject","inLanguage":"pt-BR","@id":"https:\/\/saude.novartis.com.br\/cancer-de-mama\/a-forca-de-quem-escolhe-o-proprio-caminho\/#primaryimage","url":"https:\/\/saude.novartis.com.br\/cancer-de-mama\/wp-content\/uploads\/sites\/10\/2026\/03\/img-caminho-7forca-no-proprio-caminho-topo.jpg","contentUrl":"https:\/\/saude.novartis.com.br\/cancer-de-mama\/wp-content\/uploads\/sites\/10\/2026\/03\/img-caminho-7forca-no-proprio-caminho-topo.jpg","width":1300,"height":850},{"@type":"BreadcrumbList","@id":"https:\/\/saude.novartis.com.br\/cancer-de-mama\/a-forca-de-quem-escolhe-o-proprio-caminho\/#breadcrumb","itemListElement":[{"@type":"ListItem","position":1,"name":"In\u00edcio","item":"https:\/\/saude.novartis.com.br\/cancer-de-mama\/"},{"@type":"ListItem","position":2,"name":"A for\u00e7a de quem escolhe o pr\u00f3prio caminho"}]},{"@type":"WebSite","@id":"https:\/\/saude.novartis.com.br\/cancer-de-mama\/#website","url":"https:\/\/saude.novartis.com.br\/cancer-de-mama\/","name":"C\u00e2ncer de Mama","description":"Saiba exatamente o que \u00e9 C\u00e2ncer de Mama. Conhe\u00e7a seus sintomas, diagn\u00f3sticos e tratamento. Acesse nossos conte\u00fados Novartis e saiba mais. | Novartis","publisher":{"@id":"https:\/\/saude.novartis.com.br\/cancer-de-mama\/#organization"},"potentialAction":[{"@type":"SearchAction","target":{"@type":"EntryPoint","urlTemplate":"https:\/\/saude.novartis.com.br\/cancer-de-mama\/?s={search_term_string}"},"query-input":{"@type":"PropertyValueSpecification","valueRequired":true,"valueName":"search_term_string"}}],"inLanguage":"pt-BR"},{"@type":"Organization","@id":"https:\/\/saude.novartis.com.br\/cancer-de-mama\/#organization","name":"Novartis","url":"https:\/\/saude.novartis.com.br\/cancer-de-mama\/","logo":{"@type":"ImageObject","inLanguage":"pt-BR","@id":"https:\/\/saude.novartis.com.br\/cancer-de-mama\/#\/schema\/logo\/image\/","url":"https:\/\/saude.novartis.com.br\/cancer-de-mama\/wp-content\/uploads\/sites\/10\/2025\/09\/logo_meu-caminho-cancer-de-mama1.png","contentUrl":"https:\/\/saude.novartis.com.br\/cancer-de-mama\/wp-content\/uploads\/sites\/10\/2025\/09\/logo_meu-caminho-cancer-de-mama1.png","width":273,"height":117,"caption":"Novartis"},"image":{"@id":"https:\/\/saude.novartis.com.br\/cancer-de-mama\/#\/schema\/logo\/image\/"}},{"@type":"Person","@id":"https:\/\/saude.novartis.com.br\/cancer-de-mama\/#\/schema\/person\/1b318d777ae0f4814fdb68ae4d486b85","name":"Emerson Archanjo","image":{"@type":"ImageObject","inLanguage":"pt-BR","@id":"https:\/\/saude.novartis.com.br\/cancer-de-mama\/#\/schema\/person\/image\/","url":"https:\/\/secure.gravatar.com\/avatar\/2455536163c7e046593984ca72822786?s=96&d=mm&r=g","contentUrl":"https:\/\/secure.gravatar.com\/avatar\/2455536163c7e046593984ca72822786?s=96&d=mm&r=g","caption":"Emerson Archanjo"},"url":"https:\/\/saude.novartis.com.br\/cancer-de-mama\/author\/caramem1\/"}]}},"_links":{"self":[{"href":"https:\/\/saude.novartis.com.br\/cancer-de-mama\/wp-json\/wp\/v2\/posts\/5309"}],"collection":[{"href":"https:\/\/saude.novartis.com.br\/cancer-de-mama\/wp-json\/wp\/v2\/posts"}],"about":[{"href":"https:\/\/saude.novartis.com.br\/cancer-de-mama\/wp-json\/wp\/v2\/types\/post"}],"author":[{"embeddable":true,"href":"https:\/\/saude.novartis.com.br\/cancer-de-mama\/wp-json\/wp\/v2\/users\/2"}],"replies":[{"embeddable":true,"href":"https:\/\/saude.novartis.com.br\/cancer-de-mama\/wp-json\/wp\/v2\/comments?post=5309"}],"version-history":[{"count":4,"href":"https:\/\/saude.novartis.com.br\/cancer-de-mama\/wp-json\/wp\/v2\/posts\/5309\/revisions"}],"predecessor-version":[{"id":5362,"href":"https:\/\/saude.novartis.com.br\/cancer-de-mama\/wp-json\/wp\/v2\/posts\/5309\/revisions\/5362"}],"wp:featuredmedia":[{"embeddable":true,"href":"https:\/\/saude.novartis.com.br\/cancer-de-mama\/wp-json\/wp\/v2\/media\/5329"}],"wp:attachment":[{"href":"https:\/\/saude.novartis.com.br\/cancer-de-mama\/wp-json\/wp\/v2\/media?parent=5309"}],"wp:term":[{"taxonomy":"category","embeddable":true,"href":"https:\/\/saude.novartis.com.br\/cancer-de-mama\/wp-json\/wp\/v2\/categories?post=5309"},{"taxonomy":"post_tag","embeddable":true,"href":"https:\/\/saude.novartis.com.br\/cancer-de-mama\/wp-json\/wp\/v2\/tags?post=5309"}],"curies":[{"name":"wp","href":"https:\/\/api.w.org\/{rel}","templated":true}]}}