{"id":5303,"date":"2026-03-10T11:46:02","date_gmt":"2026-03-10T14:46:02","guid":{"rendered":"https:\/\/saude.novartis.com.br\/cancer-de-mama\/?p=5303"},"modified":"2026-03-10T11:46:02","modified_gmt":"2026-03-10T14:46:02","slug":"depois-do-tratamento-o-que-acontece","status":"publish","type":"post","link":"https:\/\/saude.novartis.com.br\/cancer-de-mama\/depois-do-tratamento-o-que-acontece\/","title":{"rendered":"Depois do tratamento, o que acontece?"},"content":{"rendered":"<p>O fim da fase ativa do tratamento pode trazer al\u00edvio, esperan\u00e7a\u2026 e tamb\u00e9m muitas d\u00favidas. Para muita gente, \u00e9 nesse momento que as emo\u00e7\u00f5es se intensificam. A rotina muda de novo, e com ela surgem novas perguntas:<sup>1<\/sup><\/p>\n<p style=\"font-size: 1.1em; color:#d23c8f;\"><b>\u201cO que eu fa\u00e7o agora?\u201d<br \/>\n\u201cComo vou saber se est\u00e1 tudo bem?\u201d<br \/>\n\u201cQuando vou me sentir como antes?\u201d<\/b><\/p>\n<p>\u00c9 importante entender que o cuidado n\u00e3o termina com a \u00faltima consulta ou medica\u00e7\u00e3o. Ele apenas se transforma.<sup>1<\/sup><\/p>\n<h3>Acompanhamento: uma nova rotina come\u00e7a<\/h3>\n<p>Mesmo depois da fase ativa do tratamento, o acompanhamento m\u00e9dico segue como parte fundamental da jornada. As consultas de retorno servem para verificar como seu corpo est\u00e1 reagindo, acompanhar sua sa\u00fade f\u00edsica e emocional e identificar qualquer sinal que mere\u00e7a aten\u00e7\u00e3o.<sup>1<\/sup><\/p>\n<div style=\"background-color: #ffffff;  margin-bottom: 25px;\" >\n<div class=\"row\">\n<div class=\"col-md-4\">\n        <img decoding=\"async\" src=\"https:\/\/saude.novartis.com.br\/cancer-de-mama\/wp-content\/uploads\/sites\/10\/2026\/03\/img-caminho-4depois-do-tratamento-1.jpg\"  class=\"img-fluid\">\n    <\/div>\n<div class=\" col-md-7\">\n<div style=\"align-content: center; margin: 5px 10px;\">\n<p style=\"font-size: 1.1em;\">Voc\u00ea pode conversar com sua equipe sobre:<\/p>\n<ul style=\"margin-left: 20px;\">\n<li>A frequ\u00eancia das consultas de acompanhamento<\/li>\n<li>Quais exames ser\u00e3o necess\u00e1rios e com que periodicidade>\/\n<li>O que observar no seu corpo (dores persistentes, cansa\u00e7o, altera\u00e7\u00f5es na pele ou nos seios, entre outros)<\/li>\n<li>Como retomar atividades da rotina com seguran\u00e7a<\/li>\n<\/ul>\n<p style=\"font-size: 1.1em;\">Essas respostas ajudam a trazer previsibilidade e diminuem a ansiedade sobre o futuro pr\u00f3ximo.<sup>1<\/sup><\/p>\n<\/p><\/div>\n<\/p><\/div>\n<\/p><\/div>\n<\/div>\n<h3>\u00c9 normal se sentir diferente<\/h3>\n<p>Algumas pessoas descrevem o per\u00edodo p\u00f3s-tratamento como o mais desafiador emocionalmente. Isso acontece porque, durante o tratamento, existe uma estrutura: consultas marcadas, medicamentos programados, tudo sob acompanhamento. E, de repente, essa estrutura muda.<sup>2<\/sup><\/p>\n<p>\u00c9 importante lembrar que voc\u00ea n\u00e3o precisa \u201cvoltar ao normal\u201d. O que vem agora \u00e9 um novo ciclo, e ele pode ser vivido com respeito ao seu tempo, com apoio profissional e sem cobran\u00e7as exageradas.<sup>2<\/sup><\/p>\n<h3>O cuidado agora \u00e9 sobre viver bem<\/h3>\n<p>Com o passar das semanas, o cuidado ganha outras formas:<\/p>\n<ul style=\"margin-left: 30px;\"    >\n<li>Alimenta\u00e7\u00e3o equilibrada e rica em nutrientes<sup>1<\/sup><\/li>\n<li>Movimento com leveza: caminhadas, alongamentos ou o que fizer sentido para voc\u00ea<sup>1<\/sup><\/li>\n<li>Sono restaurador<sup>1<\/sup><\/li>\n<li>Apoio emocional com terapia ou grupos de acolhimento<sup>1<\/sup><\/li>\n<\/ul>\n<p>Mais do que uma nova fase m\u00e9dica, essa \u00e9 uma etapa de escuta, reconex\u00e3o e recome\u00e7o.   <\/p>\n<div style=\"background-color: #ffffff;  margin-bottom: 25px;\" >\n<div class=\"row\">\n<div class=\" col-md-6\">\n<div style=\"align-content: center; margin: 5px 10px;\">\n<p style=\"font-size: 1.1em;\"><b>Voc\u00ea continua no centro da sua hist\u00f3ria<\/b><\/p>\n<p style=\"font-size: 1.1em;\">Essa etapa tamb\u00e9m \u00e9 protagonizada por voc\u00ea. O tempo agora \u00e9 seu. Os passos s\u00e3o seus. E cada pequena escolha conta.<\/p>\n<p style=\"font-size: 1.1em;\">Se tiver d\u00favidas, converse com sua equipe de sa\u00fade, e lembre-se de que, existem redes de apoio, programas e conte\u00fados confi\u00e1veis para caminhar ao seu lado.<\/p>\n<\/p><\/div>\n<\/p><\/div>\n<div class=\" col-md-5\">\n        <img decoding=\"async\" src=\"https:\/\/saude.novartis.com.br\/cancer-de-mama\/wp-content\/uploads\/sites\/10\/2026\/03\/imagem_protagonista-slogan.jpg\" class=\"img-fluid\">\n    <\/div>\n<\/p><\/div>\n<\/div>\n<div style=\"background-color: #d23c8f; padding: 20px 50px; margin-bottom: 25px;\" >\n<div class=\"row\" style=\"align-content: center; margin: 10px; font-size: 1.1em;\">\n<p style=\"color:#ffffff;\"><b><span style=\"font-size: 1.5em;\">Voc\u00ea passou por muita coisa<\/span>. <br \/>\n            Agora, \u00e9 hora de seguir com leveza, presen\u00e7a e cuidado.<\/b><\/p>\n<\/p><\/div>\n<\/div>\n<p><!-- REFERENCIAL ============== --><\/p>\n<hr>\n<p><small><b>Refer\u00eancias:<\/b><br \/>\n1. AMERICAN CANCER SOCIETY. Life after cancer. American Cancer Society [Internet]. Dispon\u00edvel em: https:\/\/www.cancer.org\/cancer\/survivorship.html. Acesso em: 16 de agosto de 2025. 2. MACMILLAN CANCER SUPPORT. After treatment. Macmillan Cancer Support [Internet]. Dispon\u00edvel em: https:\/\/www.macmillan.org.uk\/cancer-information-and-support\/after-treatment. Acesso em: 16 de agosto de 2025.<br \/>\n<\/small><\/p>\n<hr>\n<p><small>Material destinado ao p\u00fablico leigo. 2026 \u24d2 Direitos reservados Novartis Bioci\u00eancias S\/A. Proibida a reprodu\u00e7\u00e3o total ou parcial sem a autoriza\u00e7\u00e3o do titular. Produzido em Janeiro\/2026 <\/small><\/p>\n<p>BR-36566<\/p>\n<style>\n.img-fluid{\nmax-width: 100%;\nheight: auto;\n}\n<\/style>\n","protected":false},"excerpt":{"rendered":"<p>O fim da fase ativa do tratamento pode trazer al\u00edvio, esperan\u00e7a\u2026 e tamb\u00e9m muitas d\u00favidas&#8230;.<\/p>\n","protected":false},"author":2,"featured_media":5325,"comment_status":"closed","ping_status":"open","sticky":false,"template":"single-largura-total.php","format":"standard","meta":{"_acf_changed":false,"footnotes":""},"categories":[22],"tags":[],"class_list":["post-5303","post","type-post","status-publish","format-standard","has-post-thumbnail","hentry","category-cancer-de-mama-inicial"],"acf":[],"yoast_head":"<!-- This site is optimized with the Yoast SEO plugin v25.1 - https:\/\/yoast.com\/wordpress\/plugins\/seo\/ -->\n<title>Depois do tratamento, o que acontece? - C\u00e2ncer de Mama<\/title>\n<meta name=\"robots\" content=\"index, follow, max-snippet:-1, max-image-preview:large, max-video-preview:-1\" \/>\n<link rel=\"canonical\" href=\"https:\/\/saude.novartis.com.br\/cancer-de-mama\/depois-do-tratamento-o-que-acontece\/\" \/>\n<meta property=\"og:locale\" content=\"pt_BR\" \/>\n<meta property=\"og:type\" content=\"article\" \/>\n<meta property=\"og:title\" content=\"Depois do tratamento, o que acontece? - C\u00e2ncer de Mama\" \/>\n<meta property=\"og:description\" content=\"O fim da fase ativa do tratamento pode trazer al\u00edvio, esperan\u00e7a\u2026 e tamb\u00e9m muitas d\u00favidas....\" \/>\n<meta property=\"og:url\" content=\"https:\/\/saude.novartis.com.br\/cancer-de-mama\/depois-do-tratamento-o-que-acontece\/\" \/>\n<meta property=\"og:site_name\" content=\"C\u00e2ncer de Mama\" \/>\n<meta property=\"article:published_time\" content=\"2026-03-10T14:46:02+00:00\" \/>\n<meta property=\"og:image\" content=\"https:\/\/saude.novartis.com.br\/cancer-de-mama\/wp-content\/uploads\/sites\/10\/2026\/03\/img-caminho-4depois-do-tratamento-topo.jpg\" \/>\n\t<meta property=\"og:image:width\" content=\"1300\" \/>\n\t<meta property=\"og:image:height\" content=\"850\" \/>\n\t<meta property=\"og:image:type\" content=\"image\/jpeg\" \/>\n<meta name=\"author\" content=\"Emerson Archanjo\" \/>\n<meta name=\"twitter:card\" content=\"summary_large_image\" \/>\n<meta name=\"twitter:label1\" content=\"Escrito por\" \/>\n\t<meta name=\"twitter:data1\" content=\"Emerson Archanjo\" \/>\n\t<meta name=\"twitter:label2\" content=\"Est. tempo de leitura\" \/>\n\t<meta name=\"twitter:data2\" content=\"2 minutos\" \/>\n<script type=\"application\/ld+json\" class=\"yoast-schema-graph\">{\"@context\":\"https:\/\/schema.org\",\"@graph\":[{\"@type\":\"Article\",\"@id\":\"https:\/\/saude.novartis.com.br\/cancer-de-mama\/depois-do-tratamento-o-que-acontece\/#article\",\"isPartOf\":{\"@id\":\"https:\/\/saude.novartis.com.br\/cancer-de-mama\/depois-do-tratamento-o-que-acontece\/\"},\"author\":{\"name\":\"Emerson Archanjo\",\"@id\":\"https:\/\/saude.novartis.com.br\/cancer-de-mama\/#\/schema\/person\/1b318d777ae0f4814fdb68ae4d486b85\"},\"headline\":\"Depois do tratamento, o que acontece?\",\"datePublished\":\"2026-03-10T14:46:02+00:00\",\"mainEntityOfPage\":{\"@id\":\"https:\/\/saude.novartis.com.br\/cancer-de-mama\/depois-do-tratamento-o-que-acontece\/\"},\"wordCount\":495,\"publisher\":{\"@id\":\"https:\/\/saude.novartis.com.br\/cancer-de-mama\/#organization\"},\"image\":{\"@id\":\"https:\/\/saude.novartis.com.br\/cancer-de-mama\/depois-do-tratamento-o-que-acontece\/#primaryimage\"},\"thumbnailUrl\":\"https:\/\/saude.novartis.com.br\/cancer-de-mama\/wp-content\/uploads\/sites\/10\/2026\/03\/img-caminho-4depois-do-tratamento-topo.jpg\",\"articleSection\":[\"C\u00e2ncer de Mama Inicial\"],\"inLanguage\":\"pt-BR\"},{\"@type\":\"WebPage\",\"@id\":\"https:\/\/saude.novartis.com.br\/cancer-de-mama\/depois-do-tratamento-o-que-acontece\/\",\"url\":\"https:\/\/saude.novartis.com.br\/cancer-de-mama\/depois-do-tratamento-o-que-acontece\/\",\"name\":\"Depois do tratamento, o que acontece? - C\u00e2ncer de Mama\",\"isPartOf\":{\"@id\":\"https:\/\/saude.novartis.com.br\/cancer-de-mama\/#website\"},\"primaryImageOfPage\":{\"@id\":\"https:\/\/saude.novartis.com.br\/cancer-de-mama\/depois-do-tratamento-o-que-acontece\/#primaryimage\"},\"image\":{\"@id\":\"https:\/\/saude.novartis.com.br\/cancer-de-mama\/depois-do-tratamento-o-que-acontece\/#primaryimage\"},\"thumbnailUrl\":\"https:\/\/saude.novartis.com.br\/cancer-de-mama\/wp-content\/uploads\/sites\/10\/2026\/03\/img-caminho-4depois-do-tratamento-topo.jpg\",\"datePublished\":\"2026-03-10T14:46:02+00:00\",\"breadcrumb\":{\"@id\":\"https:\/\/saude.novartis.com.br\/cancer-de-mama\/depois-do-tratamento-o-que-acontece\/#breadcrumb\"},\"inLanguage\":\"pt-BR\",\"potentialAction\":[{\"@type\":\"ReadAction\",\"target\":[\"https:\/\/saude.novartis.com.br\/cancer-de-mama\/depois-do-tratamento-o-que-acontece\/\"]}]},{\"@type\":\"ImageObject\",\"inLanguage\":\"pt-BR\",\"@id\":\"https:\/\/saude.novartis.com.br\/cancer-de-mama\/depois-do-tratamento-o-que-acontece\/#primaryimage\",\"url\":\"https:\/\/saude.novartis.com.br\/cancer-de-mama\/wp-content\/uploads\/sites\/10\/2026\/03\/img-caminho-4depois-do-tratamento-topo.jpg\",\"contentUrl\":\"https:\/\/saude.novartis.com.br\/cancer-de-mama\/wp-content\/uploads\/sites\/10\/2026\/03\/img-caminho-4depois-do-tratamento-topo.jpg\",\"width\":1300,\"height\":850},{\"@type\":\"BreadcrumbList\",\"@id\":\"https:\/\/saude.novartis.com.br\/cancer-de-mama\/depois-do-tratamento-o-que-acontece\/#breadcrumb\",\"itemListElement\":[{\"@type\":\"ListItem\",\"position\":1,\"name\":\"In\u00edcio\",\"item\":\"https:\/\/saude.novartis.com.br\/cancer-de-mama\/\"},{\"@type\":\"ListItem\",\"position\":2,\"name\":\"Depois do tratamento, o que acontece?\"}]},{\"@type\":\"WebSite\",\"@id\":\"https:\/\/saude.novartis.com.br\/cancer-de-mama\/#website\",\"url\":\"https:\/\/saude.novartis.com.br\/cancer-de-mama\/\",\"name\":\"C\u00e2ncer de Mama\",\"description\":\"Saiba exatamente o que \u00e9 C\u00e2ncer de Mama. Conhe\u00e7a seus sintomas, diagn\u00f3sticos e tratamento. Acesse nossos conte\u00fados Novartis e saiba mais. | Novartis\",\"publisher\":{\"@id\":\"https:\/\/saude.novartis.com.br\/cancer-de-mama\/#organization\"},\"potentialAction\":[{\"@type\":\"SearchAction\",\"target\":{\"@type\":\"EntryPoint\",\"urlTemplate\":\"https:\/\/saude.novartis.com.br\/cancer-de-mama\/?s={search_term_string}\"},\"query-input\":{\"@type\":\"PropertyValueSpecification\",\"valueRequired\":true,\"valueName\":\"search_term_string\"}}],\"inLanguage\":\"pt-BR\"},{\"@type\":\"Organization\",\"@id\":\"https:\/\/saude.novartis.com.br\/cancer-de-mama\/#organization\",\"name\":\"Novartis\",\"url\":\"https:\/\/saude.novartis.com.br\/cancer-de-mama\/\",\"logo\":{\"@type\":\"ImageObject\",\"inLanguage\":\"pt-BR\",\"@id\":\"https:\/\/saude.novartis.com.br\/cancer-de-mama\/#\/schema\/logo\/image\/\",\"url\":\"https:\/\/saude.novartis.com.br\/cancer-de-mama\/wp-content\/uploads\/sites\/10\/2025\/09\/logo_meu-caminho-cancer-de-mama1.png\",\"contentUrl\":\"https:\/\/saude.novartis.com.br\/cancer-de-mama\/wp-content\/uploads\/sites\/10\/2025\/09\/logo_meu-caminho-cancer-de-mama1.png\",\"width\":273,\"height\":117,\"caption\":\"Novartis\"},\"image\":{\"@id\":\"https:\/\/saude.novartis.com.br\/cancer-de-mama\/#\/schema\/logo\/image\/\"}},{\"@type\":\"Person\",\"@id\":\"https:\/\/saude.novartis.com.br\/cancer-de-mama\/#\/schema\/person\/1b318d777ae0f4814fdb68ae4d486b85\",\"name\":\"Emerson Archanjo\",\"image\":{\"@type\":\"ImageObject\",\"inLanguage\":\"pt-BR\",\"@id\":\"https:\/\/saude.novartis.com.br\/cancer-de-mama\/#\/schema\/person\/image\/\",\"url\":\"https:\/\/secure.gravatar.com\/avatar\/2455536163c7e046593984ca72822786?s=96&d=mm&r=g\",\"contentUrl\":\"https:\/\/secure.gravatar.com\/avatar\/2455536163c7e046593984ca72822786?s=96&d=mm&r=g\",\"caption\":\"Emerson Archanjo\"},\"url\":\"https:\/\/saude.novartis.com.br\/cancer-de-mama\/author\/caramem1\/\"}]}<\/script>\n<!-- \/ Yoast SEO plugin. -->","yoast_head_json":{"title":"Depois do tratamento, o que acontece? - C\u00e2ncer de Mama","robots":{"index":"index","follow":"follow","max-snippet":"max-snippet:-1","max-image-preview":"max-image-preview:large","max-video-preview":"max-video-preview:-1"},"canonical":"https:\/\/saude.novartis.com.br\/cancer-de-mama\/depois-do-tratamento-o-que-acontece\/","og_locale":"pt_BR","og_type":"article","og_title":"Depois do tratamento, o que acontece? - C\u00e2ncer de Mama","og_description":"O fim da fase ativa do tratamento pode trazer al\u00edvio, esperan\u00e7a\u2026 e tamb\u00e9m muitas d\u00favidas....","og_url":"https:\/\/saude.novartis.com.br\/cancer-de-mama\/depois-do-tratamento-o-que-acontece\/","og_site_name":"C\u00e2ncer de Mama","article_published_time":"2026-03-10T14:46:02+00:00","og_image":[{"width":1300,"height":850,"url":"https:\/\/saude.novartis.com.br\/cancer-de-mama\/wp-content\/uploads\/sites\/10\/2026\/03\/img-caminho-4depois-do-tratamento-topo.jpg","type":"image\/jpeg"}],"author":"Emerson Archanjo","twitter_card":"summary_large_image","twitter_misc":{"Escrito por":"Emerson Archanjo","Est. tempo de leitura":"2 minutos"},"schema":{"@context":"https:\/\/schema.org","@graph":[{"@type":"Article","@id":"https:\/\/saude.novartis.com.br\/cancer-de-mama\/depois-do-tratamento-o-que-acontece\/#article","isPartOf":{"@id":"https:\/\/saude.novartis.com.br\/cancer-de-mama\/depois-do-tratamento-o-que-acontece\/"},"author":{"name":"Emerson Archanjo","@id":"https:\/\/saude.novartis.com.br\/cancer-de-mama\/#\/schema\/person\/1b318d777ae0f4814fdb68ae4d486b85"},"headline":"Depois do tratamento, o que acontece?","datePublished":"2026-03-10T14:46:02+00:00","mainEntityOfPage":{"@id":"https:\/\/saude.novartis.com.br\/cancer-de-mama\/depois-do-tratamento-o-que-acontece\/"},"wordCount":495,"publisher":{"@id":"https:\/\/saude.novartis.com.br\/cancer-de-mama\/#organization"},"image":{"@id":"https:\/\/saude.novartis.com.br\/cancer-de-mama\/depois-do-tratamento-o-que-acontece\/#primaryimage"},"thumbnailUrl":"https:\/\/saude.novartis.com.br\/cancer-de-mama\/wp-content\/uploads\/sites\/10\/2026\/03\/img-caminho-4depois-do-tratamento-topo.jpg","articleSection":["C\u00e2ncer de Mama Inicial"],"inLanguage":"pt-BR"},{"@type":"WebPage","@id":"https:\/\/saude.novartis.com.br\/cancer-de-mama\/depois-do-tratamento-o-que-acontece\/","url":"https:\/\/saude.novartis.com.br\/cancer-de-mama\/depois-do-tratamento-o-que-acontece\/","name":"Depois do tratamento, o que acontece? - C\u00e2ncer de Mama","isPartOf":{"@id":"https:\/\/saude.novartis.com.br\/cancer-de-mama\/#website"},"primaryImageOfPage":{"@id":"https:\/\/saude.novartis.com.br\/cancer-de-mama\/depois-do-tratamento-o-que-acontece\/#primaryimage"},"image":{"@id":"https:\/\/saude.novartis.com.br\/cancer-de-mama\/depois-do-tratamento-o-que-acontece\/#primaryimage"},"thumbnailUrl":"https:\/\/saude.novartis.com.br\/cancer-de-mama\/wp-content\/uploads\/sites\/10\/2026\/03\/img-caminho-4depois-do-tratamento-topo.jpg","datePublished":"2026-03-10T14:46:02+00:00","breadcrumb":{"@id":"https:\/\/saude.novartis.com.br\/cancer-de-mama\/depois-do-tratamento-o-que-acontece\/#breadcrumb"},"inLanguage":"pt-BR","potentialAction":[{"@type":"ReadAction","target":["https:\/\/saude.novartis.com.br\/cancer-de-mama\/depois-do-tratamento-o-que-acontece\/"]}]},{"@type":"ImageObject","inLanguage":"pt-BR","@id":"https:\/\/saude.novartis.com.br\/cancer-de-mama\/depois-do-tratamento-o-que-acontece\/#primaryimage","url":"https:\/\/saude.novartis.com.br\/cancer-de-mama\/wp-content\/uploads\/sites\/10\/2026\/03\/img-caminho-4depois-do-tratamento-topo.jpg","contentUrl":"https:\/\/saude.novartis.com.br\/cancer-de-mama\/wp-content\/uploads\/sites\/10\/2026\/03\/img-caminho-4depois-do-tratamento-topo.jpg","width":1300,"height":850},{"@type":"BreadcrumbList","@id":"https:\/\/saude.novartis.com.br\/cancer-de-mama\/depois-do-tratamento-o-que-acontece\/#breadcrumb","itemListElement":[{"@type":"ListItem","position":1,"name":"In\u00edcio","item":"https:\/\/saude.novartis.com.br\/cancer-de-mama\/"},{"@type":"ListItem","position":2,"name":"Depois do tratamento, o que acontece?"}]},{"@type":"WebSite","@id":"https:\/\/saude.novartis.com.br\/cancer-de-mama\/#website","url":"https:\/\/saude.novartis.com.br\/cancer-de-mama\/","name":"C\u00e2ncer de Mama","description":"Saiba exatamente o que \u00e9 C\u00e2ncer de Mama. Conhe\u00e7a seus sintomas, diagn\u00f3sticos e tratamento. Acesse nossos conte\u00fados Novartis e saiba mais. | Novartis","publisher":{"@id":"https:\/\/saude.novartis.com.br\/cancer-de-mama\/#organization"},"potentialAction":[{"@type":"SearchAction","target":{"@type":"EntryPoint","urlTemplate":"https:\/\/saude.novartis.com.br\/cancer-de-mama\/?s={search_term_string}"},"query-input":{"@type":"PropertyValueSpecification","valueRequired":true,"valueName":"search_term_string"}}],"inLanguage":"pt-BR"},{"@type":"Organization","@id":"https:\/\/saude.novartis.com.br\/cancer-de-mama\/#organization","name":"Novartis","url":"https:\/\/saude.novartis.com.br\/cancer-de-mama\/","logo":{"@type":"ImageObject","inLanguage":"pt-BR","@id":"https:\/\/saude.novartis.com.br\/cancer-de-mama\/#\/schema\/logo\/image\/","url":"https:\/\/saude.novartis.com.br\/cancer-de-mama\/wp-content\/uploads\/sites\/10\/2025\/09\/logo_meu-caminho-cancer-de-mama1.png","contentUrl":"https:\/\/saude.novartis.com.br\/cancer-de-mama\/wp-content\/uploads\/sites\/10\/2025\/09\/logo_meu-caminho-cancer-de-mama1.png","width":273,"height":117,"caption":"Novartis"},"image":{"@id":"https:\/\/saude.novartis.com.br\/cancer-de-mama\/#\/schema\/logo\/image\/"}},{"@type":"Person","@id":"https:\/\/saude.novartis.com.br\/cancer-de-mama\/#\/schema\/person\/1b318d777ae0f4814fdb68ae4d486b85","name":"Emerson Archanjo","image":{"@type":"ImageObject","inLanguage":"pt-BR","@id":"https:\/\/saude.novartis.com.br\/cancer-de-mama\/#\/schema\/person\/image\/","url":"https:\/\/secure.gravatar.com\/avatar\/2455536163c7e046593984ca72822786?s=96&d=mm&r=g","contentUrl":"https:\/\/secure.gravatar.com\/avatar\/2455536163c7e046593984ca72822786?s=96&d=mm&r=g","caption":"Emerson Archanjo"},"url":"https:\/\/saude.novartis.com.br\/cancer-de-mama\/author\/caramem1\/"}]}},"_links":{"self":[{"href":"https:\/\/saude.novartis.com.br\/cancer-de-mama\/wp-json\/wp\/v2\/posts\/5303"}],"collection":[{"href":"https:\/\/saude.novartis.com.br\/cancer-de-mama\/wp-json\/wp\/v2\/posts"}],"about":[{"href":"https:\/\/saude.novartis.com.br\/cancer-de-mama\/wp-json\/wp\/v2\/types\/post"}],"author":[{"embeddable":true,"href":"https:\/\/saude.novartis.com.br\/cancer-de-mama\/wp-json\/wp\/v2\/users\/2"}],"replies":[{"embeddable":true,"href":"https:\/\/saude.novartis.com.br\/cancer-de-mama\/wp-json\/wp\/v2\/comments?post=5303"}],"version-history":[{"count":2,"href":"https:\/\/saude.novartis.com.br\/cancer-de-mama\/wp-json\/wp\/v2\/posts\/5303\/revisions"}],"predecessor-version":[{"id":5342,"href":"https:\/\/saude.novartis.com.br\/cancer-de-mama\/wp-json\/wp\/v2\/posts\/5303\/revisions\/5342"}],"wp:featuredmedia":[{"embeddable":true,"href":"https:\/\/saude.novartis.com.br\/cancer-de-mama\/wp-json\/wp\/v2\/media\/5325"}],"wp:attachment":[{"href":"https:\/\/saude.novartis.com.br\/cancer-de-mama\/wp-json\/wp\/v2\/media?parent=5303"}],"wp:term":[{"taxonomy":"category","embeddable":true,"href":"https:\/\/saude.novartis.com.br\/cancer-de-mama\/wp-json\/wp\/v2\/categories?post=5303"},{"taxonomy":"post_tag","embeddable":true,"href":"https:\/\/saude.novartis.com.br\/cancer-de-mama\/wp-json\/wp\/v2\/tags?post=5303"}],"curies":[{"name":"wp","href":"https:\/\/api.w.org\/{rel}","templated":true}]}}