{"id":5297,"date":"2026-03-10T11:45:06","date_gmt":"2026-03-10T14:45:06","guid":{"rendered":"https:\/\/saude.novartis.com.br\/cancer-de-mama\/?p=5297"},"modified":"2026-03-10T11:56:33","modified_gmt":"2026-03-10T14:56:33","slug":"e-se-a-gente-falasse-sobre-medo","status":"publish","type":"post","link":"https:\/\/saude.novartis.com.br\/cancer-de-mama\/e-se-a-gente-falasse-sobre-medo\/","title":{"rendered":"E se a gente falasse sobre medo?"},"content":{"rendered":"<p><b style=\"font-size: 1.2em;\">Medo<\/b>. Uma palavra curta, mas que pode tomar um espa\u00e7o enorme dentro da gente.<\/p>\n<p>\u00c9 comum, depois de um diagn\u00f3stico de c\u00e2ncer de mama, que o medo apare\u00e7a de muitas formas: medo do tratamento, dos efeitos colaterais, das mudan\u00e7as no corpo, de depender dos outros, de n\u00e3o conseguir dar conta, de n\u00e3o ser mais quem voc\u00ea era antes. E tudo isso \u00e9 v\u00e1lido.<sup>1<\/sup><\/p>\n<p>Sentir medo n\u00e3o \u00e9 sinal de fraqueza, \u00e9 sinal de consci\u00eancia e cuidado consigo mesma.<\/p>\n<div style=\"background-color: #ffffff;  margin-bottom: 25px;\" >\n<div class=\"row\">\n<div class=\"col-md-4\">\n        <img decoding=\"async\" src=\"https:\/\/saude.novartis.com.br\/cancer-de-mama\/wp-content\/uploads\/sites\/10\/2026\/03\/img-caminho-1falar-sobre-medo-1.jpg\"  class=\"img-fluid\">\n    <\/div>\n<div class=\" col-md-7\">\n<div style=\"align-content: center; margin: 5px 10px;\">\n<p style=\"font-size: 1.1em;\"><b>Fingir que n\u00e3o sente pode machucar mais do que sentir<\/b><\/p>\n<p style=\"font-size: 1.1em;\">Quando a gente tenta esconder o medo ou ignor\u00e1-lo, ele encontra outros caminhos para aparecer: no sono que n\u00e3o vem, no cora\u00e7\u00e3o acelerado, nas preocupa\u00e7\u00f5es que se acumulam em sil\u00eancio.<sup>1<\/sup><\/p>\n<p style=\"font-size: 1.1em;\">Falar sobre ele com quem voc\u00ea confia pode trazer al\u00edvio e clareza. Pode ser com uma pessoa pr\u00f3xima, um(a) psic\u00f3logo(a), um grupo de apoio ou algu\u00e9m que j\u00e1 passou por uma experi\u00eancia parecida.<sup>1<\/sup><\/p>\n<p style=\"font-size: 1.1em;\">Nomear o medo \u00e9 um jeito de dar forma ao que assusta e entender que ele n\u00e3o precisa te paralisar.<\/p>\n<\/p><\/div>\n<\/p><\/div>\n<\/p><\/div>\n<\/div>\n<h3>E se o medo vier, o que pode ajudar?<sup>1<\/sup><\/h3>\n<p>Al\u00e9m do acolhimento emocional<sup>1<\/sup>, algumas atitudes simples podem amenizar a ansiedade do dia a dia:<\/p>\n<ul style=\"margin-left: 30px;\">\n<li>Respirar fundo por alguns minutos, de forma consciente<\/li>\n<li>Caminhar, se for poss\u00edvel, ou movimentar o corpo suavemente<\/li>\n<li>Dormir bem e tentar manter uma rotina leve<\/li>\n<li>Escrever o que sente, mesmo que ningu\u00e9m v\u00e1 ler<\/li>\n<li>Reservar momentos de sil\u00eancio para escutar a si mesma<\/li>\n<\/ul>\n<p>N\u00e3o s\u00e3o f\u00f3rmulas m\u00e1gicas, mas podem ajudar a trazer mais presen\u00e7a e equil\u00edbrio para os dias dif\u00edceis.<\/p>\n<div style=\"background-color: #ffffff;  margin-bottom: 25px;\" >\n<div class=\"row\">\n<div class=\" col-md-6\">\n<div style=\"align-content: center; margin: 5px 10px;\">\n<p style=\"font-size: 1.1em;\"><b>Voc\u00ea n\u00e3o precisa ser forte o tempo todo<\/b><\/p>\n<p style=\"font-size: 1.1em;\">Existe uma ideia equivocada de que coragem \u00e9 o oposto do medo. Mas, na verdade, a coragem \u00e9 continuar, mesmo sentindo medo. \u00c9 acolher o que se sente e, ainda assim, seguir.<\/p>\n<p style=\"font-size: 1.1em;\">Voc\u00ea n\u00e3o precisa se anular para seguir em frente. Pode sentir, respirar fundo, pausar\u2026 e recome\u00e7ar quantas vezes forem necess\u00e1rias. Essa tamb\u00e9m \u00e9 uma forma leg\u00edtima de for\u00e7a. <\/p>\n<\/p><\/div>\n<\/p><\/div>\n<div class=\" col-md-5\">\n        <img decoding=\"async\" src=\"https:\/\/saude.novartis.com.br\/cancer-de-mama\/wp-content\/uploads\/sites\/10\/2026\/03\/imagem_protagonista-slogan.jpg\" class=\"img-fluid\">\n    <\/div>\n<\/p><\/div>\n<\/div>\n<h3>Sentir \u00e9 parte do tratamento<\/h3>\n<p>O cuidado emocional tamb\u00e9m faz parte da sua jornada. Al\u00e9m dos rem\u00e9dios, das consultas e dos exames, cuidar da mente e das emo\u00e7\u00f5es \u00e9 essencial para o bem-estar.<sup>1<\/sup><\/p>\n<p>Permitir-se sentir \u00e9 um gesto de respeito \u00e0 sua hist\u00f3ria. Afinal, ningu\u00e9m atravessa tudo isso ileso \u2014 e voc\u00ea n\u00e3o precisa enfrentar tudo sozinha(o).<\/p>\n<div style=\"background-color: #d23c8f; padding: 20px 50px; margin-bottom: 25px;\" >\n<div class=\"row\" style=\"align-content: center; margin: 10px; font-size: 1.1em;\">\n<p style=\"color:#ffffff;\"><b>Se o medo estiver presente, segure a m\u00e3o dele.<br \/>\n            <span style=\"font-size: 1.5em;\">E siga no seu tempo<\/span>.<\/b><\/p>\n<\/p><\/div>\n<\/div>\n<p><!-- REFERENCIAL ============== --><\/p>\n<hr>\n<p><small><b>Refer\u00eancias:<\/b><br \/>\n1. AMERICAN CANCER SOCIETY. Managing emotions during cancer. American Cancer Society [Internet]. Dispon\u00edvel em: https:\/\/www.cancer.org\/treatment\/survivorship-during-and-after-treatment\/coping\/emotional-side-effects.html. Acesso em: 16 de agosto de 2025.<br \/>\n<\/small><\/p>\n<hr>\n<p><small>Material destinado ao p\u00fablico leigo. 2026 \u24d2 Direitos reservados Novartis Bioci\u00eancias S\/A. Proibida a reprodu\u00e7\u00e3o total ou parcial sem a autoriza\u00e7\u00e3o do titular. Produzido em Janeiro\/2026 <\/small><\/p>\n<p>BR-36566<\/p>\n<style>\n.img-fluid{\nmax-width: 100%;\nheight: auto;\n}\n<\/style>\n","protected":false},"excerpt":{"rendered":"<p>Medo. Uma palavra curta, mas que pode tomar um espa\u00e7o enorme dentro da gente. \u00c9&#8230;<\/p>\n","protected":false},"author":2,"featured_media":5359,"comment_status":"closed","ping_status":"open","sticky":false,"template":"single-largura-total.php","format":"standard","meta":{"_acf_changed":false,"footnotes":""},"categories":[22],"tags":[],"class_list":["post-5297","post","type-post","status-publish","format-standard","has-post-thumbnail","hentry","category-cancer-de-mama-inicial"],"acf":[],"yoast_head":"<!-- This site is optimized with the Yoast SEO plugin v25.1 - https:\/\/yoast.com\/wordpress\/plugins\/seo\/ -->\n<title>E se a gente falasse sobre medo? - C\u00e2ncer de Mama<\/title>\n<meta name=\"robots\" content=\"index, follow, max-snippet:-1, max-image-preview:large, max-video-preview:-1\" \/>\n<link rel=\"canonical\" href=\"https:\/\/saude.novartis.com.br\/cancer-de-mama\/e-se-a-gente-falasse-sobre-medo\/\" \/>\n<meta property=\"og:locale\" content=\"pt_BR\" \/>\n<meta property=\"og:type\" content=\"article\" \/>\n<meta property=\"og:title\" content=\"E se a gente falasse sobre medo? - C\u00e2ncer de Mama\" \/>\n<meta property=\"og:description\" content=\"Medo. Uma palavra curta, mas que pode tomar um espa\u00e7o enorme dentro da gente. \u00c9...\" \/>\n<meta property=\"og:url\" content=\"https:\/\/saude.novartis.com.br\/cancer-de-mama\/e-se-a-gente-falasse-sobre-medo\/\" \/>\n<meta property=\"og:site_name\" content=\"C\u00e2ncer de Mama\" \/>\n<meta property=\"article:published_time\" content=\"2026-03-10T14:45:06+00:00\" \/>\n<meta property=\"article:modified_time\" content=\"2026-03-10T14:56:33+00:00\" \/>\n<meta property=\"og:image\" content=\"https:\/\/saude.novartis.com.br\/cancer-de-mama\/wp-content\/uploads\/sites\/10\/2026\/03\/img-caminho-1falar-sobre-medo-topo.jpg\" \/>\n\t<meta property=\"og:image:width\" content=\"1300\" \/>\n\t<meta property=\"og:image:height\" content=\"850\" \/>\n\t<meta property=\"og:image:type\" content=\"image\/jpeg\" \/>\n<meta name=\"author\" content=\"Emerson Archanjo\" \/>\n<meta name=\"twitter:card\" content=\"summary_large_image\" \/>\n<meta name=\"twitter:label1\" content=\"Escrito por\" \/>\n\t<meta name=\"twitter:data1\" content=\"Emerson Archanjo\" \/>\n\t<meta name=\"twitter:label2\" content=\"Est. tempo de leitura\" \/>\n\t<meta name=\"twitter:data2\" content=\"2 minutos\" \/>\n<script type=\"application\/ld+json\" class=\"yoast-schema-graph\">{\"@context\":\"https:\/\/schema.org\",\"@graph\":[{\"@type\":\"Article\",\"@id\":\"https:\/\/saude.novartis.com.br\/cancer-de-mama\/e-se-a-gente-falasse-sobre-medo\/#article\",\"isPartOf\":{\"@id\":\"https:\/\/saude.novartis.com.br\/cancer-de-mama\/e-se-a-gente-falasse-sobre-medo\/\"},\"author\":{\"name\":\"Emerson Archanjo\",\"@id\":\"https:\/\/saude.novartis.com.br\/cancer-de-mama\/#\/schema\/person\/1b318d777ae0f4814fdb68ae4d486b85\"},\"headline\":\"E se a gente falasse sobre medo?\",\"datePublished\":\"2026-03-10T14:45:06+00:00\",\"dateModified\":\"2026-03-10T14:56:33+00:00\",\"mainEntityOfPage\":{\"@id\":\"https:\/\/saude.novartis.com.br\/cancer-de-mama\/e-se-a-gente-falasse-sobre-medo\/\"},\"wordCount\":498,\"publisher\":{\"@id\":\"https:\/\/saude.novartis.com.br\/cancer-de-mama\/#organization\"},\"image\":{\"@id\":\"https:\/\/saude.novartis.com.br\/cancer-de-mama\/e-se-a-gente-falasse-sobre-medo\/#primaryimage\"},\"thumbnailUrl\":\"https:\/\/saude.novartis.com.br\/cancer-de-mama\/wp-content\/uploads\/sites\/10\/2026\/03\/img-caminho-1falar-sobre-medo-topo.jpg\",\"articleSection\":[\"C\u00e2ncer de Mama Inicial\"],\"inLanguage\":\"pt-BR\"},{\"@type\":\"WebPage\",\"@id\":\"https:\/\/saude.novartis.com.br\/cancer-de-mama\/e-se-a-gente-falasse-sobre-medo\/\",\"url\":\"https:\/\/saude.novartis.com.br\/cancer-de-mama\/e-se-a-gente-falasse-sobre-medo\/\",\"name\":\"E se a gente falasse sobre medo? - C\u00e2ncer de Mama\",\"isPartOf\":{\"@id\":\"https:\/\/saude.novartis.com.br\/cancer-de-mama\/#website\"},\"primaryImageOfPage\":{\"@id\":\"https:\/\/saude.novartis.com.br\/cancer-de-mama\/e-se-a-gente-falasse-sobre-medo\/#primaryimage\"},\"image\":{\"@id\":\"https:\/\/saude.novartis.com.br\/cancer-de-mama\/e-se-a-gente-falasse-sobre-medo\/#primaryimage\"},\"thumbnailUrl\":\"https:\/\/saude.novartis.com.br\/cancer-de-mama\/wp-content\/uploads\/sites\/10\/2026\/03\/img-caminho-1falar-sobre-medo-topo.jpg\",\"datePublished\":\"2026-03-10T14:45:06+00:00\",\"dateModified\":\"2026-03-10T14:56:33+00:00\",\"breadcrumb\":{\"@id\":\"https:\/\/saude.novartis.com.br\/cancer-de-mama\/e-se-a-gente-falasse-sobre-medo\/#breadcrumb\"},\"inLanguage\":\"pt-BR\",\"potentialAction\":[{\"@type\":\"ReadAction\",\"target\":[\"https:\/\/saude.novartis.com.br\/cancer-de-mama\/e-se-a-gente-falasse-sobre-medo\/\"]}]},{\"@type\":\"ImageObject\",\"inLanguage\":\"pt-BR\",\"@id\":\"https:\/\/saude.novartis.com.br\/cancer-de-mama\/e-se-a-gente-falasse-sobre-medo\/#primaryimage\",\"url\":\"https:\/\/saude.novartis.com.br\/cancer-de-mama\/wp-content\/uploads\/sites\/10\/2026\/03\/img-caminho-1falar-sobre-medo-topo.jpg\",\"contentUrl\":\"https:\/\/saude.novartis.com.br\/cancer-de-mama\/wp-content\/uploads\/sites\/10\/2026\/03\/img-caminho-1falar-sobre-medo-topo.jpg\",\"width\":1300,\"height\":850},{\"@type\":\"BreadcrumbList\",\"@id\":\"https:\/\/saude.novartis.com.br\/cancer-de-mama\/e-se-a-gente-falasse-sobre-medo\/#breadcrumb\",\"itemListElement\":[{\"@type\":\"ListItem\",\"position\":1,\"name\":\"In\u00edcio\",\"item\":\"https:\/\/saude.novartis.com.br\/cancer-de-mama\/\"},{\"@type\":\"ListItem\",\"position\":2,\"name\":\"E se a gente falasse sobre medo?\"}]},{\"@type\":\"WebSite\",\"@id\":\"https:\/\/saude.novartis.com.br\/cancer-de-mama\/#website\",\"url\":\"https:\/\/saude.novartis.com.br\/cancer-de-mama\/\",\"name\":\"C\u00e2ncer de Mama\",\"description\":\"Saiba exatamente o que \u00e9 C\u00e2ncer de Mama. Conhe\u00e7a seus sintomas, diagn\u00f3sticos e tratamento. Acesse nossos conte\u00fados Novartis e saiba mais. | Novartis\",\"publisher\":{\"@id\":\"https:\/\/saude.novartis.com.br\/cancer-de-mama\/#organization\"},\"potentialAction\":[{\"@type\":\"SearchAction\",\"target\":{\"@type\":\"EntryPoint\",\"urlTemplate\":\"https:\/\/saude.novartis.com.br\/cancer-de-mama\/?s={search_term_string}\"},\"query-input\":{\"@type\":\"PropertyValueSpecification\",\"valueRequired\":true,\"valueName\":\"search_term_string\"}}],\"inLanguage\":\"pt-BR\"},{\"@type\":\"Organization\",\"@id\":\"https:\/\/saude.novartis.com.br\/cancer-de-mama\/#organization\",\"name\":\"Novartis\",\"url\":\"https:\/\/saude.novartis.com.br\/cancer-de-mama\/\",\"logo\":{\"@type\":\"ImageObject\",\"inLanguage\":\"pt-BR\",\"@id\":\"https:\/\/saude.novartis.com.br\/cancer-de-mama\/#\/schema\/logo\/image\/\",\"url\":\"https:\/\/saude.novartis.com.br\/cancer-de-mama\/wp-content\/uploads\/sites\/10\/2025\/09\/logo_meu-caminho-cancer-de-mama1.png\",\"contentUrl\":\"https:\/\/saude.novartis.com.br\/cancer-de-mama\/wp-content\/uploads\/sites\/10\/2025\/09\/logo_meu-caminho-cancer-de-mama1.png\",\"width\":273,\"height\":117,\"caption\":\"Novartis\"},\"image\":{\"@id\":\"https:\/\/saude.novartis.com.br\/cancer-de-mama\/#\/schema\/logo\/image\/\"}},{\"@type\":\"Person\",\"@id\":\"https:\/\/saude.novartis.com.br\/cancer-de-mama\/#\/schema\/person\/1b318d777ae0f4814fdb68ae4d486b85\",\"name\":\"Emerson Archanjo\",\"image\":{\"@type\":\"ImageObject\",\"inLanguage\":\"pt-BR\",\"@id\":\"https:\/\/saude.novartis.com.br\/cancer-de-mama\/#\/schema\/person\/image\/\",\"url\":\"https:\/\/secure.gravatar.com\/avatar\/2455536163c7e046593984ca72822786?s=96&d=mm&r=g\",\"contentUrl\":\"https:\/\/secure.gravatar.com\/avatar\/2455536163c7e046593984ca72822786?s=96&d=mm&r=g\",\"caption\":\"Emerson Archanjo\"},\"url\":\"https:\/\/saude.novartis.com.br\/cancer-de-mama\/author\/caramem1\/\"}]}<\/script>\n<!-- \/ Yoast SEO plugin. -->","yoast_head_json":{"title":"E se a gente falasse sobre medo? - C\u00e2ncer de Mama","robots":{"index":"index","follow":"follow","max-snippet":"max-snippet:-1","max-image-preview":"max-image-preview:large","max-video-preview":"max-video-preview:-1"},"canonical":"https:\/\/saude.novartis.com.br\/cancer-de-mama\/e-se-a-gente-falasse-sobre-medo\/","og_locale":"pt_BR","og_type":"article","og_title":"E se a gente falasse sobre medo? - C\u00e2ncer de Mama","og_description":"Medo. Uma palavra curta, mas que pode tomar um espa\u00e7o enorme dentro da gente. \u00c9...","og_url":"https:\/\/saude.novartis.com.br\/cancer-de-mama\/e-se-a-gente-falasse-sobre-medo\/","og_site_name":"C\u00e2ncer de Mama","article_published_time":"2026-03-10T14:45:06+00:00","article_modified_time":"2026-03-10T14:56:33+00:00","og_image":[{"width":1300,"height":850,"url":"https:\/\/saude.novartis.com.br\/cancer-de-mama\/wp-content\/uploads\/sites\/10\/2026\/03\/img-caminho-1falar-sobre-medo-topo.jpg","type":"image\/jpeg"}],"author":"Emerson Archanjo","twitter_card":"summary_large_image","twitter_misc":{"Escrito por":"Emerson Archanjo","Est. tempo de leitura":"2 minutos"},"schema":{"@context":"https:\/\/schema.org","@graph":[{"@type":"Article","@id":"https:\/\/saude.novartis.com.br\/cancer-de-mama\/e-se-a-gente-falasse-sobre-medo\/#article","isPartOf":{"@id":"https:\/\/saude.novartis.com.br\/cancer-de-mama\/e-se-a-gente-falasse-sobre-medo\/"},"author":{"name":"Emerson Archanjo","@id":"https:\/\/saude.novartis.com.br\/cancer-de-mama\/#\/schema\/person\/1b318d777ae0f4814fdb68ae4d486b85"},"headline":"E se a gente falasse sobre medo?","datePublished":"2026-03-10T14:45:06+00:00","dateModified":"2026-03-10T14:56:33+00:00","mainEntityOfPage":{"@id":"https:\/\/saude.novartis.com.br\/cancer-de-mama\/e-se-a-gente-falasse-sobre-medo\/"},"wordCount":498,"publisher":{"@id":"https:\/\/saude.novartis.com.br\/cancer-de-mama\/#organization"},"image":{"@id":"https:\/\/saude.novartis.com.br\/cancer-de-mama\/e-se-a-gente-falasse-sobre-medo\/#primaryimage"},"thumbnailUrl":"https:\/\/saude.novartis.com.br\/cancer-de-mama\/wp-content\/uploads\/sites\/10\/2026\/03\/img-caminho-1falar-sobre-medo-topo.jpg","articleSection":["C\u00e2ncer de Mama Inicial"],"inLanguage":"pt-BR"},{"@type":"WebPage","@id":"https:\/\/saude.novartis.com.br\/cancer-de-mama\/e-se-a-gente-falasse-sobre-medo\/","url":"https:\/\/saude.novartis.com.br\/cancer-de-mama\/e-se-a-gente-falasse-sobre-medo\/","name":"E se a gente falasse sobre medo? - C\u00e2ncer de Mama","isPartOf":{"@id":"https:\/\/saude.novartis.com.br\/cancer-de-mama\/#website"},"primaryImageOfPage":{"@id":"https:\/\/saude.novartis.com.br\/cancer-de-mama\/e-se-a-gente-falasse-sobre-medo\/#primaryimage"},"image":{"@id":"https:\/\/saude.novartis.com.br\/cancer-de-mama\/e-se-a-gente-falasse-sobre-medo\/#primaryimage"},"thumbnailUrl":"https:\/\/saude.novartis.com.br\/cancer-de-mama\/wp-content\/uploads\/sites\/10\/2026\/03\/img-caminho-1falar-sobre-medo-topo.jpg","datePublished":"2026-03-10T14:45:06+00:00","dateModified":"2026-03-10T14:56:33+00:00","breadcrumb":{"@id":"https:\/\/saude.novartis.com.br\/cancer-de-mama\/e-se-a-gente-falasse-sobre-medo\/#breadcrumb"},"inLanguage":"pt-BR","potentialAction":[{"@type":"ReadAction","target":["https:\/\/saude.novartis.com.br\/cancer-de-mama\/e-se-a-gente-falasse-sobre-medo\/"]}]},{"@type":"ImageObject","inLanguage":"pt-BR","@id":"https:\/\/saude.novartis.com.br\/cancer-de-mama\/e-se-a-gente-falasse-sobre-medo\/#primaryimage","url":"https:\/\/saude.novartis.com.br\/cancer-de-mama\/wp-content\/uploads\/sites\/10\/2026\/03\/img-caminho-1falar-sobre-medo-topo.jpg","contentUrl":"https:\/\/saude.novartis.com.br\/cancer-de-mama\/wp-content\/uploads\/sites\/10\/2026\/03\/img-caminho-1falar-sobre-medo-topo.jpg","width":1300,"height":850},{"@type":"BreadcrumbList","@id":"https:\/\/saude.novartis.com.br\/cancer-de-mama\/e-se-a-gente-falasse-sobre-medo\/#breadcrumb","itemListElement":[{"@type":"ListItem","position":1,"name":"In\u00edcio","item":"https:\/\/saude.novartis.com.br\/cancer-de-mama\/"},{"@type":"ListItem","position":2,"name":"E se a gente falasse sobre medo?"}]},{"@type":"WebSite","@id":"https:\/\/saude.novartis.com.br\/cancer-de-mama\/#website","url":"https:\/\/saude.novartis.com.br\/cancer-de-mama\/","name":"C\u00e2ncer de Mama","description":"Saiba exatamente o que \u00e9 C\u00e2ncer de Mama. Conhe\u00e7a seus sintomas, diagn\u00f3sticos e tratamento. Acesse nossos conte\u00fados Novartis e saiba mais. | Novartis","publisher":{"@id":"https:\/\/saude.novartis.com.br\/cancer-de-mama\/#organization"},"potentialAction":[{"@type":"SearchAction","target":{"@type":"EntryPoint","urlTemplate":"https:\/\/saude.novartis.com.br\/cancer-de-mama\/?s={search_term_string}"},"query-input":{"@type":"PropertyValueSpecification","valueRequired":true,"valueName":"search_term_string"}}],"inLanguage":"pt-BR"},{"@type":"Organization","@id":"https:\/\/saude.novartis.com.br\/cancer-de-mama\/#organization","name":"Novartis","url":"https:\/\/saude.novartis.com.br\/cancer-de-mama\/","logo":{"@type":"ImageObject","inLanguage":"pt-BR","@id":"https:\/\/saude.novartis.com.br\/cancer-de-mama\/#\/schema\/logo\/image\/","url":"https:\/\/saude.novartis.com.br\/cancer-de-mama\/wp-content\/uploads\/sites\/10\/2025\/09\/logo_meu-caminho-cancer-de-mama1.png","contentUrl":"https:\/\/saude.novartis.com.br\/cancer-de-mama\/wp-content\/uploads\/sites\/10\/2025\/09\/logo_meu-caminho-cancer-de-mama1.png","width":273,"height":117,"caption":"Novartis"},"image":{"@id":"https:\/\/saude.novartis.com.br\/cancer-de-mama\/#\/schema\/logo\/image\/"}},{"@type":"Person","@id":"https:\/\/saude.novartis.com.br\/cancer-de-mama\/#\/schema\/person\/1b318d777ae0f4814fdb68ae4d486b85","name":"Emerson Archanjo","image":{"@type":"ImageObject","inLanguage":"pt-BR","@id":"https:\/\/saude.novartis.com.br\/cancer-de-mama\/#\/schema\/person\/image\/","url":"https:\/\/secure.gravatar.com\/avatar\/2455536163c7e046593984ca72822786?s=96&d=mm&r=g","contentUrl":"https:\/\/secure.gravatar.com\/avatar\/2455536163c7e046593984ca72822786?s=96&d=mm&r=g","caption":"Emerson Archanjo"},"url":"https:\/\/saude.novartis.com.br\/cancer-de-mama\/author\/caramem1\/"}]}},"_links":{"self":[{"href":"https:\/\/saude.novartis.com.br\/cancer-de-mama\/wp-json\/wp\/v2\/posts\/5297"}],"collection":[{"href":"https:\/\/saude.novartis.com.br\/cancer-de-mama\/wp-json\/wp\/v2\/posts"}],"about":[{"href":"https:\/\/saude.novartis.com.br\/cancer-de-mama\/wp-json\/wp\/v2\/types\/post"}],"author":[{"embeddable":true,"href":"https:\/\/saude.novartis.com.br\/cancer-de-mama\/wp-json\/wp\/v2\/users\/2"}],"replies":[{"embeddable":true,"href":"https:\/\/saude.novartis.com.br\/cancer-de-mama\/wp-json\/wp\/v2\/comments?post=5297"}],"version-history":[{"count":3,"href":"https:\/\/saude.novartis.com.br\/cancer-de-mama\/wp-json\/wp\/v2\/posts\/5297\/revisions"}],"predecessor-version":[{"id":5337,"href":"https:\/\/saude.novartis.com.br\/cancer-de-mama\/wp-json\/wp\/v2\/posts\/5297\/revisions\/5337"}],"wp:featuredmedia":[{"embeddable":true,"href":"https:\/\/saude.novartis.com.br\/cancer-de-mama\/wp-json\/wp\/v2\/media\/5359"}],"wp:attachment":[{"href":"https:\/\/saude.novartis.com.br\/cancer-de-mama\/wp-json\/wp\/v2\/media?parent=5297"}],"wp:term":[{"taxonomy":"category","embeddable":true,"href":"https:\/\/saude.novartis.com.br\/cancer-de-mama\/wp-json\/wp\/v2\/categories?post=5297"},{"taxonomy":"post_tag","embeddable":true,"href":"https:\/\/saude.novartis.com.br\/cancer-de-mama\/wp-json\/wp\/v2\/tags?post=5297"}],"curies":[{"name":"wp","href":"https:\/\/api.w.org\/{rel}","templated":true}]}}