{"id":5176,"date":"2026-03-23T11:45:56","date_gmt":"2026-03-23T14:45:56","guid":{"rendered":"https:\/\/saude.novartis.com.br\/cancer-de-mama\/?p=5176"},"modified":"2026-03-23T15:50:15","modified_gmt":"2026-03-23T18:50:15","slug":"qualidade-de-vida-tambem-faz-parte-do-tratamento","status":"publish","type":"post","link":"https:\/\/saude.novartis.com.br\/cancer-de-mama\/qualidade-de-vida-tambem-faz-parte-do-tratamento\/","title":{"rendered":"Qualidade de vida tamb\u00e9m faz parte do tratamento"},"content":{"rendered":"<h3>Cuidar de si n\u00e3o \u00e9 s\u00f3 sobre exames e medicamentos. <br \/> \u00c9 tamb\u00e9m sobre manter, no seu tempo e no seu ritmo, aquilo que te faz bem.<sup>1<\/sup><\/h3>\n<p>Viver com um diagn\u00f3stico n\u00e3o significa deixar de viver. Ainda existem momentos bons, escolhas poss\u00edveis, planos que cabem e te fazem trilhar o pr\u00f3prio caminho.<sup>1<\/sup><\/p>\n<p>A qualidade de vida \u00e9 constru\u00edda dia ap\u00f3s dia, com apoio, com informa\u00e7\u00e3o e com muito respeito ao que voc\u00ea sente.<sup>1<\/sup><\/p>\n<div style=\"background-color: #ffffff;  margin-bottom: 25px;\" >\n<div class=\"row\">\n<div class=\"col-md-5\">\n        <img decoding=\"async\" src=\"https:\/\/saude.novartis.com.br\/cancer-de-mama\/wp-content\/uploads\/sites\/10\/2025\/10\/img-caminho-qualidade-de-vida-parte-do-tratamento-04.jpg\" class=\"img-fluid\">\n    <\/div>\n<div class=\" col-md-6\">\n<div style=\"align-content: center; margin: 5px 10px;\">\n<p style=\"font-size: 1.1em;\"><b>Pequenos gestos que fazem diferen\u00e7a<\/b> <\/p>\n<p style=\"font-size: 1.1em;\">Pequenos gestos podem ajudar: <\/p>\n<p style=\"font-size: 1.1em;\">\n<ul style=\"margin-left: 15px;\">\n<li>Ter uma alimenta\u00e7\u00e3o gentil com o corpo<sup>1<\/sup>  <\/li>\n<li>Mexer o corpo com cuidado, se puder<sup>1<\/sup>  <\/li>\n<li>Conversar com quem te escuta de verdade<sup>1<\/sup> <\/li>\n<li>Ter momentos de sil\u00eancio ou riso<sup>1<\/sup>  <\/li>\n<li>Fazer algo que te conecte com quem voc\u00ea \u00e9<sup>1<\/sup> <\/li>\n<\/ul>\n<p style=\"font-size: 1.1em;\">Algumas escolhas podem parecer simples, mas s\u00e3o poderosas. <br \/>Porque te lembram que voc\u00ea continua aqui, inteira e, mais do que nunca, viva! <\/p>\n<p style=\"font-size: 1.1em;\">E se n\u00e3o for leve todos os dias? <br \/>Tudo bem, faz parte da jornada.\n       <\/p>\n<\/p><\/div>\n<\/p><\/div>\n<\/p><\/div>\n<\/div>\n<div style=\"background-color: #d23c8f; padding: 20px 50px; margin-bottom: 25px;\" >\n<div class=\"row\" style=\"align-content: center; margin: 10px; font-size: 1.1em;\">\n<p style=\"color:#ffffff;\">Qualidade de vida tamb\u00e9m \u00e9 reconhecer os dias dif\u00edceis e se permitir parar. Por isso, buscar equil\u00edbrio n\u00e3o \u00e9 negar o que sente, \u00e9 acolher com carinho e se dar a chance de viver o que for poss\u00edvel, do seu jeito.<sup>2<\/sup> <\/b><\/p>\n<\/p><\/div>\n<\/div>\n<div style=\"background-color: #ffffff;  margin-bottom: 25px;\" >\n<div class=\"row\">\n<div class=\"col-md-4\">\n        <img decoding=\"async\" src=\"https:\/\/saude.novartis.com.br\/cancer-de-mama\/wp-content\/uploads\/sites\/10\/2025\/10\/img-caminho-qualidade-de-vida-parte-do-tratamento-03.jpg\" class=\"img-fluid\">\n    <\/div>\n<div class=\" col-md-7\">\n<div style=\"align-content: center; margin: 5px 10px;\">\n<p style=\"font-size: 1.1em;\"><b>Mais do que tratamento: voc\u00ea merece cuidado com sentido <\/b> <\/p>\n<p style=\"font-size: 1.1em;\">Voc\u00ea merece sentir prazer em estar presente. Merece leveza nas rotinas, respeito nas decis\u00f5es e afeto em cada gesto. <\/p>\n<p style=\"font-size: 1.3em;\"><span style=\"color:#9d2969;\">Viver com qualidade \u00e9 sobre isso: <b>continuar sendo voc\u00ea<\/b>. <\/span>\n       <\/p>\n<\/p><\/div>\n<\/p><\/div>\n<\/p><\/div>\n<\/div>\n<p><!-- REFERENCIAL ============== --><\/p>\n<hr>\n<p><small><b>Refer\u00eancias:<\/b><br \/>\n1. Cancer.Net. Quality of Life. Dispon\u00edvel em: https:\/\/www.cancer.net. Acesso em: agosto de 2025. 2. National Cancer Institute. Supportive and Palliative Care. Dispon\u00edvel em: https:\/\/www.cancer.gov. Acesso em: 25 de agosto de 2025.<br \/>\n<\/small><\/p>\n<hr>\n<p><small>Material destinado ao p\u00fablico leigo. 2026 \u24d2 Direitos reservados Novartis Bioci\u00eancias S\/A. Proibida a reprodu\u00e7\u00e3o total ou parcial sem a autoriza\u00e7\u00e3o do titular. Produzido em Janeiro\/2026 <\/small><\/p>\n<p>BR-36417<\/p>\n","protected":false},"excerpt":{"rendered":"<p>Cuidar de si n\u00e3o \u00e9 s\u00f3 sobre exames e medicamentos. \u00c9 tamb\u00e9m sobre manter, no&#8230;<\/p>\n","protected":false},"author":2,"featured_media":5425,"comment_status":"closed","ping_status":"open","sticky":false,"template":"single-largura-total.php","format":"standard","meta":{"_acf_changed":false,"footnotes":""},"categories":[25],"tags":[],"class_list":["post-5176","post","type-post","status-publish","format-standard","has-post-thumbnail","hentry","category-cancer-de-mama-metastatico"],"acf":[],"yoast_head":"<!-- This site is optimized with the Yoast SEO plugin v25.1 - https:\/\/yoast.com\/wordpress\/plugins\/seo\/ -->\n<title>Qualidade de vida tamb\u00e9m faz parte do tratamento - C\u00e2ncer de Mama<\/title>\n<meta name=\"robots\" content=\"index, follow, max-snippet:-1, max-image-preview:large, max-video-preview:-1\" \/>\n<link rel=\"canonical\" href=\"https:\/\/saude.novartis.com.br\/cancer-de-mama\/qualidade-de-vida-tambem-faz-parte-do-tratamento\/\" \/>\n<meta property=\"og:locale\" content=\"pt_BR\" \/>\n<meta property=\"og:type\" content=\"article\" \/>\n<meta property=\"og:title\" content=\"Qualidade de vida tamb\u00e9m faz parte do tratamento - C\u00e2ncer de Mama\" \/>\n<meta property=\"og:description\" content=\"Cuidar de si n\u00e3o \u00e9 s\u00f3 sobre exames e medicamentos. \u00c9 tamb\u00e9m sobre manter, no...\" \/>\n<meta property=\"og:url\" content=\"https:\/\/saude.novartis.com.br\/cancer-de-mama\/qualidade-de-vida-tambem-faz-parte-do-tratamento\/\" \/>\n<meta property=\"og:site_name\" content=\"C\u00e2ncer de Mama\" \/>\n<meta property=\"article:published_time\" content=\"2026-03-23T14:45:56+00:00\" \/>\n<meta property=\"article:modified_time\" content=\"2026-03-23T18:50:15+00:00\" \/>\n<meta property=\"og:image\" content=\"https:\/\/saude.novartis.com.br\/cancer-de-mama\/wp-content\/uploads\/sites\/10\/2026\/03\/img-caminho-qualidade-de-vida-metastatico-topo-f3.jpg\" \/>\n\t<meta property=\"og:image:width\" content=\"1300\" \/>\n\t<meta property=\"og:image:height\" content=\"850\" \/>\n\t<meta property=\"og:image:type\" content=\"image\/jpeg\" \/>\n<meta name=\"author\" content=\"Emerson Archanjo\" \/>\n<meta name=\"twitter:card\" content=\"summary_large_image\" \/>\n<meta name=\"twitter:label1\" content=\"Escrito por\" \/>\n\t<meta name=\"twitter:data1\" content=\"Emerson Archanjo\" \/>\n\t<meta name=\"twitter:label2\" content=\"Est. tempo de leitura\" \/>\n\t<meta name=\"twitter:data2\" content=\"2 minutos\" \/>\n<script type=\"application\/ld+json\" class=\"yoast-schema-graph\">{\"@context\":\"https:\/\/schema.org\",\"@graph\":[{\"@type\":\"Article\",\"@id\":\"https:\/\/saude.novartis.com.br\/cancer-de-mama\/qualidade-de-vida-tambem-faz-parte-do-tratamento\/#article\",\"isPartOf\":{\"@id\":\"https:\/\/saude.novartis.com.br\/cancer-de-mama\/qualidade-de-vida-tambem-faz-parte-do-tratamento\/\"},\"author\":{\"name\":\"Emerson Archanjo\",\"@id\":\"https:\/\/saude.novartis.com.br\/cancer-de-mama\/#\/schema\/person\/1b318d777ae0f4814fdb68ae4d486b85\"},\"headline\":\"Qualidade de vida tamb\u00e9m faz parte do tratamento\",\"datePublished\":\"2026-03-23T14:45:56+00:00\",\"dateModified\":\"2026-03-23T18:50:15+00:00\",\"mainEntityOfPage\":{\"@id\":\"https:\/\/saude.novartis.com.br\/cancer-de-mama\/qualidade-de-vida-tambem-faz-parte-do-tratamento\/\"},\"wordCount\":319,\"publisher\":{\"@id\":\"https:\/\/saude.novartis.com.br\/cancer-de-mama\/#organization\"},\"image\":{\"@id\":\"https:\/\/saude.novartis.com.br\/cancer-de-mama\/qualidade-de-vida-tambem-faz-parte-do-tratamento\/#primaryimage\"},\"thumbnailUrl\":\"https:\/\/saude.novartis.com.br\/cancer-de-mama\/wp-content\/uploads\/sites\/10\/2026\/03\/img-caminho-qualidade-de-vida-metastatico-topo-f3.jpg\",\"articleSection\":[\"C\u00e2ncer de Mama Metast\u00e1tico\"],\"inLanguage\":\"pt-BR\"},{\"@type\":\"WebPage\",\"@id\":\"https:\/\/saude.novartis.com.br\/cancer-de-mama\/qualidade-de-vida-tambem-faz-parte-do-tratamento\/\",\"url\":\"https:\/\/saude.novartis.com.br\/cancer-de-mama\/qualidade-de-vida-tambem-faz-parte-do-tratamento\/\",\"name\":\"Qualidade de vida tamb\u00e9m faz parte do tratamento - C\u00e2ncer de Mama\",\"isPartOf\":{\"@id\":\"https:\/\/saude.novartis.com.br\/cancer-de-mama\/#website\"},\"primaryImageOfPage\":{\"@id\":\"https:\/\/saude.novartis.com.br\/cancer-de-mama\/qualidade-de-vida-tambem-faz-parte-do-tratamento\/#primaryimage\"},\"image\":{\"@id\":\"https:\/\/saude.novartis.com.br\/cancer-de-mama\/qualidade-de-vida-tambem-faz-parte-do-tratamento\/#primaryimage\"},\"thumbnailUrl\":\"https:\/\/saude.novartis.com.br\/cancer-de-mama\/wp-content\/uploads\/sites\/10\/2026\/03\/img-caminho-qualidade-de-vida-metastatico-topo-f3.jpg\",\"datePublished\":\"2026-03-23T14:45:56+00:00\",\"dateModified\":\"2026-03-23T18:50:15+00:00\",\"breadcrumb\":{\"@id\":\"https:\/\/saude.novartis.com.br\/cancer-de-mama\/qualidade-de-vida-tambem-faz-parte-do-tratamento\/#breadcrumb\"},\"inLanguage\":\"pt-BR\",\"potentialAction\":[{\"@type\":\"ReadAction\",\"target\":[\"https:\/\/saude.novartis.com.br\/cancer-de-mama\/qualidade-de-vida-tambem-faz-parte-do-tratamento\/\"]}]},{\"@type\":\"ImageObject\",\"inLanguage\":\"pt-BR\",\"@id\":\"https:\/\/saude.novartis.com.br\/cancer-de-mama\/qualidade-de-vida-tambem-faz-parte-do-tratamento\/#primaryimage\",\"url\":\"https:\/\/saude.novartis.com.br\/cancer-de-mama\/wp-content\/uploads\/sites\/10\/2026\/03\/img-caminho-qualidade-de-vida-metastatico-topo-f3.jpg\",\"contentUrl\":\"https:\/\/saude.novartis.com.br\/cancer-de-mama\/wp-content\/uploads\/sites\/10\/2026\/03\/img-caminho-qualidade-de-vida-metastatico-topo-f3.jpg\",\"width\":1300,\"height\":850},{\"@type\":\"BreadcrumbList\",\"@id\":\"https:\/\/saude.novartis.com.br\/cancer-de-mama\/qualidade-de-vida-tambem-faz-parte-do-tratamento\/#breadcrumb\",\"itemListElement\":[{\"@type\":\"ListItem\",\"position\":1,\"name\":\"In\u00edcio\",\"item\":\"https:\/\/saude.novartis.com.br\/cancer-de-mama\/\"},{\"@type\":\"ListItem\",\"position\":2,\"name\":\"Qualidade de vida tamb\u00e9m faz parte do tratamento\"}]},{\"@type\":\"WebSite\",\"@id\":\"https:\/\/saude.novartis.com.br\/cancer-de-mama\/#website\",\"url\":\"https:\/\/saude.novartis.com.br\/cancer-de-mama\/\",\"name\":\"C\u00e2ncer de Mama\",\"description\":\"Saiba exatamente o que \u00e9 C\u00e2ncer de Mama. Conhe\u00e7a seus sintomas, diagn\u00f3sticos e tratamento. Acesse nossos conte\u00fados Novartis e saiba mais. | Novartis\",\"publisher\":{\"@id\":\"https:\/\/saude.novartis.com.br\/cancer-de-mama\/#organization\"},\"potentialAction\":[{\"@type\":\"SearchAction\",\"target\":{\"@type\":\"EntryPoint\",\"urlTemplate\":\"https:\/\/saude.novartis.com.br\/cancer-de-mama\/?s={search_term_string}\"},\"query-input\":{\"@type\":\"PropertyValueSpecification\",\"valueRequired\":true,\"valueName\":\"search_term_string\"}}],\"inLanguage\":\"pt-BR\"},{\"@type\":\"Organization\",\"@id\":\"https:\/\/saude.novartis.com.br\/cancer-de-mama\/#organization\",\"name\":\"Novartis\",\"url\":\"https:\/\/saude.novartis.com.br\/cancer-de-mama\/\",\"logo\":{\"@type\":\"ImageObject\",\"inLanguage\":\"pt-BR\",\"@id\":\"https:\/\/saude.novartis.com.br\/cancer-de-mama\/#\/schema\/logo\/image\/\",\"url\":\"https:\/\/saude.novartis.com.br\/cancer-de-mama\/wp-content\/uploads\/sites\/10\/2025\/09\/logo_meu-caminho-cancer-de-mama1.png\",\"contentUrl\":\"https:\/\/saude.novartis.com.br\/cancer-de-mama\/wp-content\/uploads\/sites\/10\/2025\/09\/logo_meu-caminho-cancer-de-mama1.png\",\"width\":273,\"height\":117,\"caption\":\"Novartis\"},\"image\":{\"@id\":\"https:\/\/saude.novartis.com.br\/cancer-de-mama\/#\/schema\/logo\/image\/\"}},{\"@type\":\"Person\",\"@id\":\"https:\/\/saude.novartis.com.br\/cancer-de-mama\/#\/schema\/person\/1b318d777ae0f4814fdb68ae4d486b85\",\"name\":\"Emerson Archanjo\",\"image\":{\"@type\":\"ImageObject\",\"inLanguage\":\"pt-BR\",\"@id\":\"https:\/\/saude.novartis.com.br\/cancer-de-mama\/#\/schema\/person\/image\/\",\"url\":\"https:\/\/secure.gravatar.com\/avatar\/2455536163c7e046593984ca72822786?s=96&d=mm&r=g\",\"contentUrl\":\"https:\/\/secure.gravatar.com\/avatar\/2455536163c7e046593984ca72822786?s=96&d=mm&r=g\",\"caption\":\"Emerson Archanjo\"},\"url\":\"https:\/\/saude.novartis.com.br\/cancer-de-mama\/author\/caramem1\/\"}]}<\/script>\n<!-- \/ Yoast SEO plugin. -->","yoast_head_json":{"title":"Qualidade de vida tamb\u00e9m faz parte do tratamento - C\u00e2ncer de Mama","robots":{"index":"index","follow":"follow","max-snippet":"max-snippet:-1","max-image-preview":"max-image-preview:large","max-video-preview":"max-video-preview:-1"},"canonical":"https:\/\/saude.novartis.com.br\/cancer-de-mama\/qualidade-de-vida-tambem-faz-parte-do-tratamento\/","og_locale":"pt_BR","og_type":"article","og_title":"Qualidade de vida tamb\u00e9m faz parte do tratamento - C\u00e2ncer de Mama","og_description":"Cuidar de si n\u00e3o \u00e9 s\u00f3 sobre exames e medicamentos. \u00c9 tamb\u00e9m sobre manter, no...","og_url":"https:\/\/saude.novartis.com.br\/cancer-de-mama\/qualidade-de-vida-tambem-faz-parte-do-tratamento\/","og_site_name":"C\u00e2ncer de Mama","article_published_time":"2026-03-23T14:45:56+00:00","article_modified_time":"2026-03-23T18:50:15+00:00","og_image":[{"width":1300,"height":850,"url":"https:\/\/saude.novartis.com.br\/cancer-de-mama\/wp-content\/uploads\/sites\/10\/2026\/03\/img-caminho-qualidade-de-vida-metastatico-topo-f3.jpg","type":"image\/jpeg"}],"author":"Emerson Archanjo","twitter_card":"summary_large_image","twitter_misc":{"Escrito por":"Emerson Archanjo","Est. tempo de leitura":"2 minutos"},"schema":{"@context":"https:\/\/schema.org","@graph":[{"@type":"Article","@id":"https:\/\/saude.novartis.com.br\/cancer-de-mama\/qualidade-de-vida-tambem-faz-parte-do-tratamento\/#article","isPartOf":{"@id":"https:\/\/saude.novartis.com.br\/cancer-de-mama\/qualidade-de-vida-tambem-faz-parte-do-tratamento\/"},"author":{"name":"Emerson Archanjo","@id":"https:\/\/saude.novartis.com.br\/cancer-de-mama\/#\/schema\/person\/1b318d777ae0f4814fdb68ae4d486b85"},"headline":"Qualidade de vida tamb\u00e9m faz parte do tratamento","datePublished":"2026-03-23T14:45:56+00:00","dateModified":"2026-03-23T18:50:15+00:00","mainEntityOfPage":{"@id":"https:\/\/saude.novartis.com.br\/cancer-de-mama\/qualidade-de-vida-tambem-faz-parte-do-tratamento\/"},"wordCount":319,"publisher":{"@id":"https:\/\/saude.novartis.com.br\/cancer-de-mama\/#organization"},"image":{"@id":"https:\/\/saude.novartis.com.br\/cancer-de-mama\/qualidade-de-vida-tambem-faz-parte-do-tratamento\/#primaryimage"},"thumbnailUrl":"https:\/\/saude.novartis.com.br\/cancer-de-mama\/wp-content\/uploads\/sites\/10\/2026\/03\/img-caminho-qualidade-de-vida-metastatico-topo-f3.jpg","articleSection":["C\u00e2ncer de Mama Metast\u00e1tico"],"inLanguage":"pt-BR"},{"@type":"WebPage","@id":"https:\/\/saude.novartis.com.br\/cancer-de-mama\/qualidade-de-vida-tambem-faz-parte-do-tratamento\/","url":"https:\/\/saude.novartis.com.br\/cancer-de-mama\/qualidade-de-vida-tambem-faz-parte-do-tratamento\/","name":"Qualidade de vida tamb\u00e9m faz parte do tratamento - C\u00e2ncer de Mama","isPartOf":{"@id":"https:\/\/saude.novartis.com.br\/cancer-de-mama\/#website"},"primaryImageOfPage":{"@id":"https:\/\/saude.novartis.com.br\/cancer-de-mama\/qualidade-de-vida-tambem-faz-parte-do-tratamento\/#primaryimage"},"image":{"@id":"https:\/\/saude.novartis.com.br\/cancer-de-mama\/qualidade-de-vida-tambem-faz-parte-do-tratamento\/#primaryimage"},"thumbnailUrl":"https:\/\/saude.novartis.com.br\/cancer-de-mama\/wp-content\/uploads\/sites\/10\/2026\/03\/img-caminho-qualidade-de-vida-metastatico-topo-f3.jpg","datePublished":"2026-03-23T14:45:56+00:00","dateModified":"2026-03-23T18:50:15+00:00","breadcrumb":{"@id":"https:\/\/saude.novartis.com.br\/cancer-de-mama\/qualidade-de-vida-tambem-faz-parte-do-tratamento\/#breadcrumb"},"inLanguage":"pt-BR","potentialAction":[{"@type":"ReadAction","target":["https:\/\/saude.novartis.com.br\/cancer-de-mama\/qualidade-de-vida-tambem-faz-parte-do-tratamento\/"]}]},{"@type":"ImageObject","inLanguage":"pt-BR","@id":"https:\/\/saude.novartis.com.br\/cancer-de-mama\/qualidade-de-vida-tambem-faz-parte-do-tratamento\/#primaryimage","url":"https:\/\/saude.novartis.com.br\/cancer-de-mama\/wp-content\/uploads\/sites\/10\/2026\/03\/img-caminho-qualidade-de-vida-metastatico-topo-f3.jpg","contentUrl":"https:\/\/saude.novartis.com.br\/cancer-de-mama\/wp-content\/uploads\/sites\/10\/2026\/03\/img-caminho-qualidade-de-vida-metastatico-topo-f3.jpg","width":1300,"height":850},{"@type":"BreadcrumbList","@id":"https:\/\/saude.novartis.com.br\/cancer-de-mama\/qualidade-de-vida-tambem-faz-parte-do-tratamento\/#breadcrumb","itemListElement":[{"@type":"ListItem","position":1,"name":"In\u00edcio","item":"https:\/\/saude.novartis.com.br\/cancer-de-mama\/"},{"@type":"ListItem","position":2,"name":"Qualidade de vida tamb\u00e9m faz parte do tratamento"}]},{"@type":"WebSite","@id":"https:\/\/saude.novartis.com.br\/cancer-de-mama\/#website","url":"https:\/\/saude.novartis.com.br\/cancer-de-mama\/","name":"C\u00e2ncer de Mama","description":"Saiba exatamente o que \u00e9 C\u00e2ncer de Mama. Conhe\u00e7a seus sintomas, diagn\u00f3sticos e tratamento. Acesse nossos conte\u00fados Novartis e saiba mais. | Novartis","publisher":{"@id":"https:\/\/saude.novartis.com.br\/cancer-de-mama\/#organization"},"potentialAction":[{"@type":"SearchAction","target":{"@type":"EntryPoint","urlTemplate":"https:\/\/saude.novartis.com.br\/cancer-de-mama\/?s={search_term_string}"},"query-input":{"@type":"PropertyValueSpecification","valueRequired":true,"valueName":"search_term_string"}}],"inLanguage":"pt-BR"},{"@type":"Organization","@id":"https:\/\/saude.novartis.com.br\/cancer-de-mama\/#organization","name":"Novartis","url":"https:\/\/saude.novartis.com.br\/cancer-de-mama\/","logo":{"@type":"ImageObject","inLanguage":"pt-BR","@id":"https:\/\/saude.novartis.com.br\/cancer-de-mama\/#\/schema\/logo\/image\/","url":"https:\/\/saude.novartis.com.br\/cancer-de-mama\/wp-content\/uploads\/sites\/10\/2025\/09\/logo_meu-caminho-cancer-de-mama1.png","contentUrl":"https:\/\/saude.novartis.com.br\/cancer-de-mama\/wp-content\/uploads\/sites\/10\/2025\/09\/logo_meu-caminho-cancer-de-mama1.png","width":273,"height":117,"caption":"Novartis"},"image":{"@id":"https:\/\/saude.novartis.com.br\/cancer-de-mama\/#\/schema\/logo\/image\/"}},{"@type":"Person","@id":"https:\/\/saude.novartis.com.br\/cancer-de-mama\/#\/schema\/person\/1b318d777ae0f4814fdb68ae4d486b85","name":"Emerson Archanjo","image":{"@type":"ImageObject","inLanguage":"pt-BR","@id":"https:\/\/saude.novartis.com.br\/cancer-de-mama\/#\/schema\/person\/image\/","url":"https:\/\/secure.gravatar.com\/avatar\/2455536163c7e046593984ca72822786?s=96&d=mm&r=g","contentUrl":"https:\/\/secure.gravatar.com\/avatar\/2455536163c7e046593984ca72822786?s=96&d=mm&r=g","caption":"Emerson Archanjo"},"url":"https:\/\/saude.novartis.com.br\/cancer-de-mama\/author\/caramem1\/"}]}},"_links":{"self":[{"href":"https:\/\/saude.novartis.com.br\/cancer-de-mama\/wp-json\/wp\/v2\/posts\/5176"}],"collection":[{"href":"https:\/\/saude.novartis.com.br\/cancer-de-mama\/wp-json\/wp\/v2\/posts"}],"about":[{"href":"https:\/\/saude.novartis.com.br\/cancer-de-mama\/wp-json\/wp\/v2\/types\/post"}],"author":[{"embeddable":true,"href":"https:\/\/saude.novartis.com.br\/cancer-de-mama\/wp-json\/wp\/v2\/users\/2"}],"replies":[{"embeddable":true,"href":"https:\/\/saude.novartis.com.br\/cancer-de-mama\/wp-json\/wp\/v2\/comments?post=5176"}],"version-history":[{"count":8,"href":"https:\/\/saude.novartis.com.br\/cancer-de-mama\/wp-json\/wp\/v2\/posts\/5176\/revisions"}],"predecessor-version":[{"id":5427,"href":"https:\/\/saude.novartis.com.br\/cancer-de-mama\/wp-json\/wp\/v2\/posts\/5176\/revisions\/5427"}],"wp:featuredmedia":[{"embeddable":true,"href":"https:\/\/saude.novartis.com.br\/cancer-de-mama\/wp-json\/wp\/v2\/media\/5425"}],"wp:attachment":[{"href":"https:\/\/saude.novartis.com.br\/cancer-de-mama\/wp-json\/wp\/v2\/media?parent=5176"}],"wp:term":[{"taxonomy":"category","embeddable":true,"href":"https:\/\/saude.novartis.com.br\/cancer-de-mama\/wp-json\/wp\/v2\/categories?post=5176"},{"taxonomy":"post_tag","embeddable":true,"href":"https:\/\/saude.novartis.com.br\/cancer-de-mama\/wp-json\/wp\/v2\/tags?post=5176"}],"curies":[{"name":"wp","href":"https:\/\/api.w.org\/{rel}","templated":true}]}}