{"id":5170,"date":"2025-12-15T11:12:36","date_gmt":"2025-12-15T14:12:36","guid":{"rendered":"https:\/\/saude.novartis.com.br\/cancer-de-mama\/?p=5170"},"modified":"2026-03-10T12:24:42","modified_gmt":"2026-03-10T15:24:42","slug":"meu-caminho-escolher-com-consciencia-viver-com-presenca","status":"publish","type":"post","link":"https:\/\/saude.novartis.com.br\/cancer-de-mama\/meu-caminho-escolher-com-consciencia-viver-com-presenca\/","title":{"rendered":"Meu Caminho: Escolher com consci\u00eancia, Viver com presen\u00e7a"},"content":{"rendered":"<p>Receber um diagn\u00f3stico de c\u00e2ncer de mama transforma a rotina, os planos e as prioridades. Mas, mesmo em meio a tantas mudan\u00e7as, uma certeza permanece: <b>voc\u00ea continua sendo protagonista da sua hist\u00f3ria<\/b>.<\/p>\n<p>O c\u00e2ncer pode fazer parte da sua vida, mas ele n\u00e3o resume quem voc\u00ea \u00e9.<\/p>\n<p><b>Sua voz importa e ela merece ser ouvida em cada etapa.<\/b><\/p>\n<h3>Uma campanha sobre escuta, acolhimento e protagonismo na jornada do c\u00e2ncer de mama<\/h3>\n<div style=\"background-color: #ffffff;  margin-bottom: 25px;\" >\n<div class=\"row\">\n<div class=\"col-md-4\">\n        <img decoding=\"async\" src=\"https:\/\/saude.novartis.com.br\/cancer-de-mama\/wp-content\/uploads\/sites\/10\/2025\/10\/img-caminho-manifesto-1.png\"  class=\"img-fluid\">\n    <\/div>\n<div class=\" col-md-7\">\n<div style=\"align-content: center; margin: 5px 10px;\">\n<p style=\"font-size: 1.1em;\">A campanha <b>#MeuCaminho<\/b> nasceu para dar voz para quem est\u00e1 vivendo o tratamento do c\u00e2ncer de mama. Porque cada jornada \u00e9 \u00fanica e cada decis\u00e3o deve ser tomada em conjunto por quem vai viver com as consequ\u00eancias dela.<\/p>\n<p style=\"font-size: 1.1em;\">Entendemos que o cuidado vai al\u00e9m do medicamento. Ele come\u00e7a no acolhimento, passa pela escuta ativa e se fortalece na tomada de decis\u00e3o compartilhada entre m\u00e9dico e paciente.\n       <\/p>\n<\/p><\/div>\n<\/p><\/div>\n<\/p><\/div>\n<\/div>\n<div style=\"background-color: #ffffff;  margin-bottom: 25px;\" >\n<div class=\"row\">\n<div class=\" col-md-12\">\n    <!--\n\n<div class=\" col-md-6\"> --><\/p>\n<div style=\"align-content: center; margin: 5px 10px;\">\n<p style=\"font-size: 1.1em;\"><b>A ess\u00eancia continua presente <\/b><br \/>\n           Mesmo diante das transforma\u00e7\u00f5es presentes na nova fase, a ess\u00eancia continua viva. Mesmo com tantas transforma\u00e7\u00f5es, sua ess\u00eancia segue viva.<\/p>\n<p style=\"font-size: 1.1em;\">O cuidado verdadeiro reconhece voc\u00ea por inteiro: al\u00e9m do corpo, al\u00e9m do diagn\u00f3stico.<\/p>\n<p style=\"font-size: 1.1em;\">E com apoio emocional, autoestima e seguran\u00e7a, \u00e9 poss\u00edvel reencontrar a leveza de se sentir bem.<\/p>\n<p style=\"font-size: 1.1em;\"><b>Escolher \u00e9 um direito. \u00c9 uma forma de cuidado.<\/b><\/p>\n<p style=\"font-size: 1.1em;\"><b>#MeuCaminho<\/b> \u00e9 um convite para fazer perguntas, entender suas op\u00e7\u00f5es e tomar decis\u00f5es com autonomia. Voc\u00ea n\u00e3o est\u00e1 s\u00f3. Existe apoio para viver essa etapa com mais protagonismo e respeito \u00e0s suas escolhas.\n       <\/p>\n<\/p><\/div>\n<\/p><\/div>\n<p>    <!--\n\n<div class=\" col-md-5\">\n        <img decoding=\"async\" src=\"https:\/\/saude.novartis.com.br\/cancer-de-mama\/wp-content\/uploads\/sites\/10\/2025\/10\/img-caminho-manifesto-2.png\" class=\"img-fluid\">\n    <\/div>\n\n -->\n    <\/div>\n<\/div>\n<p>Assista ao v\u00eddeo da campanha <b>#MeuCaminho<\/b><\/p>\n<p>E inspire-se a viver cada etapa do tratamento com mais autonomia e acolhimento.<\/p>\n<p>N\u00e3o \u00e9 apenas sobre tratamento. \u00c9 sobre ser reconhecido(a) com dignidade, respeitando decis\u00f5es e acolhendo com verdade. <\/p>\n<p><!-- BOTAO --><\/p>\n<div class=\"row\">\n<div class=\"col-md-3\"><\/div>\n<div class=\"col-md-6\"><a href=\"https:\/\/www.youtube.com\/watch?v=qOAdUHnFLzo\" target=\"_blank\" rel=\"noopener\"><img decoding=\"async\" src=\"https:\/\/saude.novartis.com.br\/cancer-de-mama\/wp-content\/uploads\/sites\/10\/2025\/10\/img-caminho-manifesto-botao.png\" \/><\/a><\/div>\n<div class=\"col-md-3\"><\/div>\n<\/div>\n<p><!-- BOTAO --><\/p>\n<hr>\n<p><small>Material destinado ao p\u00fablico leigo. 2025 \u24d2 Direitos reservados Novartis Bioci\u00eancias S\/A. Proibida a reprodu\u00e7\u00e3o total ou parcial sem a autoriza\u00e7\u00e3o do titular. Produzido em Outubro\/2025 <\/small><\/p>\n<p>BR-33328<\/p>\n<style>\n.img-fluid{\nmax-width: 100%;\nheight: auto;\n}\n<\/style>\n","protected":false},"excerpt":{"rendered":"<p>Receber um diagn\u00f3stico de c\u00e2ncer de mama transforma a rotina, os planos e as prioridades&#8230;.<\/p>\n","protected":false},"author":2,"featured_media":5275,"comment_status":"closed","ping_status":"open","sticky":false,"template":"single-largura-total.php","format":"standard","meta":{"_acf_changed":false,"footnotes":""},"categories":[22,25],"tags":[],"class_list":["post-5170","post","type-post","status-publish","format-standard","has-post-thumbnail","hentry","category-cancer-de-mama-inicial","category-cancer-de-mama-metastatico"],"acf":[],"yoast_head":"<!-- This site is optimized with the Yoast SEO plugin v25.1 - https:\/\/yoast.com\/wordpress\/plugins\/seo\/ -->\n<title>Meu Caminho: Escolher com consci\u00eancia, Viver com presen\u00e7a - C\u00e2ncer de Mama<\/title>\n<meta name=\"robots\" content=\"index, follow, max-snippet:-1, max-image-preview:large, max-video-preview:-1\" \/>\n<link rel=\"canonical\" href=\"https:\/\/saude.novartis.com.br\/cancer-de-mama\/meu-caminho-escolher-com-consciencia-viver-com-presenca\/\" \/>\n<meta property=\"og:locale\" content=\"pt_BR\" \/>\n<meta property=\"og:type\" content=\"article\" \/>\n<meta property=\"og:title\" content=\"Meu Caminho: Escolher com consci\u00eancia, Viver com presen\u00e7a - C\u00e2ncer de Mama\" \/>\n<meta property=\"og:description\" content=\"Receber um diagn\u00f3stico de c\u00e2ncer de mama transforma a rotina, os planos e as prioridades....\" \/>\n<meta property=\"og:url\" content=\"https:\/\/saude.novartis.com.br\/cancer-de-mama\/meu-caminho-escolher-com-consciencia-viver-com-presenca\/\" \/>\n<meta property=\"og:site_name\" content=\"C\u00e2ncer de Mama\" \/>\n<meta property=\"article:published_time\" content=\"2025-12-15T14:12:36+00:00\" \/>\n<meta property=\"article:modified_time\" content=\"2026-03-10T15:24:42+00:00\" \/>\n<meta property=\"og:image\" content=\"https:\/\/saude.novartis.com.br\/cancer-de-mama\/wp-content\/uploads\/sites\/10\/2026\/01\/img-caminho-manifesto-topo-cont04.png\" \/>\n\t<meta property=\"og:image:width\" content=\"1300\" \/>\n\t<meta property=\"og:image:height\" content=\"850\" \/>\n\t<meta property=\"og:image:type\" content=\"image\/png\" \/>\n<meta name=\"author\" content=\"Emerson Archanjo\" \/>\n<meta name=\"twitter:card\" content=\"summary_large_image\" \/>\n<meta name=\"twitter:label1\" content=\"Escrito por\" \/>\n\t<meta name=\"twitter:data1\" content=\"Emerson Archanjo\" \/>\n\t<meta name=\"twitter:label2\" content=\"Est. tempo de leitura\" \/>\n\t<meta name=\"twitter:data2\" content=\"2 minutos\" \/>\n<script type=\"application\/ld+json\" class=\"yoast-schema-graph\">{\"@context\":\"https:\/\/schema.org\",\"@graph\":[{\"@type\":\"Article\",\"@id\":\"https:\/\/saude.novartis.com.br\/cancer-de-mama\/meu-caminho-escolher-com-consciencia-viver-com-presenca\/#article\",\"isPartOf\":{\"@id\":\"https:\/\/saude.novartis.com.br\/cancer-de-mama\/meu-caminho-escolher-com-consciencia-viver-com-presenca\/\"},\"author\":{\"name\":\"Emerson Archanjo\",\"@id\":\"https:\/\/saude.novartis.com.br\/cancer-de-mama\/#\/schema\/person\/1b318d777ae0f4814fdb68ae4d486b85\"},\"headline\":\"Meu Caminho: Escolher com consci\u00eancia, Viver com presen\u00e7a\",\"datePublished\":\"2025-12-15T14:12:36+00:00\",\"dateModified\":\"2026-03-10T15:24:42+00:00\",\"mainEntityOfPage\":{\"@id\":\"https:\/\/saude.novartis.com.br\/cancer-de-mama\/meu-caminho-escolher-com-consciencia-viver-com-presenca\/\"},\"wordCount\":331,\"publisher\":{\"@id\":\"https:\/\/saude.novartis.com.br\/cancer-de-mama\/#organization\"},\"image\":{\"@id\":\"https:\/\/saude.novartis.com.br\/cancer-de-mama\/meu-caminho-escolher-com-consciencia-viver-com-presenca\/#primaryimage\"},\"thumbnailUrl\":\"https:\/\/saude.novartis.com.br\/cancer-de-mama\/wp-content\/uploads\/sites\/10\/2026\/01\/img-caminho-manifesto-topo-cont04.png\",\"articleSection\":[\"C\u00e2ncer de Mama Inicial\",\"C\u00e2ncer de Mama Metast\u00e1tico\"],\"inLanguage\":\"pt-BR\"},{\"@type\":\"WebPage\",\"@id\":\"https:\/\/saude.novartis.com.br\/cancer-de-mama\/meu-caminho-escolher-com-consciencia-viver-com-presenca\/\",\"url\":\"https:\/\/saude.novartis.com.br\/cancer-de-mama\/meu-caminho-escolher-com-consciencia-viver-com-presenca\/\",\"name\":\"Meu Caminho: Escolher com consci\u00eancia, Viver com presen\u00e7a - C\u00e2ncer de Mama\",\"isPartOf\":{\"@id\":\"https:\/\/saude.novartis.com.br\/cancer-de-mama\/#website\"},\"primaryImageOfPage\":{\"@id\":\"https:\/\/saude.novartis.com.br\/cancer-de-mama\/meu-caminho-escolher-com-consciencia-viver-com-presenca\/#primaryimage\"},\"image\":{\"@id\":\"https:\/\/saude.novartis.com.br\/cancer-de-mama\/meu-caminho-escolher-com-consciencia-viver-com-presenca\/#primaryimage\"},\"thumbnailUrl\":\"https:\/\/saude.novartis.com.br\/cancer-de-mama\/wp-content\/uploads\/sites\/10\/2026\/01\/img-caminho-manifesto-topo-cont04.png\",\"datePublished\":\"2025-12-15T14:12:36+00:00\",\"dateModified\":\"2026-03-10T15:24:42+00:00\",\"breadcrumb\":{\"@id\":\"https:\/\/saude.novartis.com.br\/cancer-de-mama\/meu-caminho-escolher-com-consciencia-viver-com-presenca\/#breadcrumb\"},\"inLanguage\":\"pt-BR\",\"potentialAction\":[{\"@type\":\"ReadAction\",\"target\":[\"https:\/\/saude.novartis.com.br\/cancer-de-mama\/meu-caminho-escolher-com-consciencia-viver-com-presenca\/\"]}]},{\"@type\":\"ImageObject\",\"inLanguage\":\"pt-BR\",\"@id\":\"https:\/\/saude.novartis.com.br\/cancer-de-mama\/meu-caminho-escolher-com-consciencia-viver-com-presenca\/#primaryimage\",\"url\":\"https:\/\/saude.novartis.com.br\/cancer-de-mama\/wp-content\/uploads\/sites\/10\/2026\/01\/img-caminho-manifesto-topo-cont04.png\",\"contentUrl\":\"https:\/\/saude.novartis.com.br\/cancer-de-mama\/wp-content\/uploads\/sites\/10\/2026\/01\/img-caminho-manifesto-topo-cont04.png\",\"width\":1300,\"height\":850},{\"@type\":\"BreadcrumbList\",\"@id\":\"https:\/\/saude.novartis.com.br\/cancer-de-mama\/meu-caminho-escolher-com-consciencia-viver-com-presenca\/#breadcrumb\",\"itemListElement\":[{\"@type\":\"ListItem\",\"position\":1,\"name\":\"In\u00edcio\",\"item\":\"https:\/\/saude.novartis.com.br\/cancer-de-mama\/\"},{\"@type\":\"ListItem\",\"position\":2,\"name\":\"Meu Caminho: Escolher com consci\u00eancia, Viver com presen\u00e7a\"}]},{\"@type\":\"WebSite\",\"@id\":\"https:\/\/saude.novartis.com.br\/cancer-de-mama\/#website\",\"url\":\"https:\/\/saude.novartis.com.br\/cancer-de-mama\/\",\"name\":\"C\u00e2ncer de Mama\",\"description\":\"Saiba exatamente o que \u00e9 C\u00e2ncer de Mama. Conhe\u00e7a seus sintomas, diagn\u00f3sticos e tratamento. Acesse nossos conte\u00fados Novartis e saiba mais. | Novartis\",\"publisher\":{\"@id\":\"https:\/\/saude.novartis.com.br\/cancer-de-mama\/#organization\"},\"potentialAction\":[{\"@type\":\"SearchAction\",\"target\":{\"@type\":\"EntryPoint\",\"urlTemplate\":\"https:\/\/saude.novartis.com.br\/cancer-de-mama\/?s={search_term_string}\"},\"query-input\":{\"@type\":\"PropertyValueSpecification\",\"valueRequired\":true,\"valueName\":\"search_term_string\"}}],\"inLanguage\":\"pt-BR\"},{\"@type\":\"Organization\",\"@id\":\"https:\/\/saude.novartis.com.br\/cancer-de-mama\/#organization\",\"name\":\"Novartis\",\"url\":\"https:\/\/saude.novartis.com.br\/cancer-de-mama\/\",\"logo\":{\"@type\":\"ImageObject\",\"inLanguage\":\"pt-BR\",\"@id\":\"https:\/\/saude.novartis.com.br\/cancer-de-mama\/#\/schema\/logo\/image\/\",\"url\":\"https:\/\/saude.novartis.com.br\/cancer-de-mama\/wp-content\/uploads\/sites\/10\/2025\/09\/logo_meu-caminho-cancer-de-mama1.png\",\"contentUrl\":\"https:\/\/saude.novartis.com.br\/cancer-de-mama\/wp-content\/uploads\/sites\/10\/2025\/09\/logo_meu-caminho-cancer-de-mama1.png\",\"width\":273,\"height\":117,\"caption\":\"Novartis\"},\"image\":{\"@id\":\"https:\/\/saude.novartis.com.br\/cancer-de-mama\/#\/schema\/logo\/image\/\"}},{\"@type\":\"Person\",\"@id\":\"https:\/\/saude.novartis.com.br\/cancer-de-mama\/#\/schema\/person\/1b318d777ae0f4814fdb68ae4d486b85\",\"name\":\"Emerson Archanjo\",\"image\":{\"@type\":\"ImageObject\",\"inLanguage\":\"pt-BR\",\"@id\":\"https:\/\/saude.novartis.com.br\/cancer-de-mama\/#\/schema\/person\/image\/\",\"url\":\"https:\/\/secure.gravatar.com\/avatar\/2455536163c7e046593984ca72822786?s=96&d=mm&r=g\",\"contentUrl\":\"https:\/\/secure.gravatar.com\/avatar\/2455536163c7e046593984ca72822786?s=96&d=mm&r=g\",\"caption\":\"Emerson Archanjo\"},\"url\":\"https:\/\/saude.novartis.com.br\/cancer-de-mama\/author\/caramem1\/\"}]}<\/script>\n<!-- \/ Yoast SEO plugin. -->","yoast_head_json":{"title":"Meu Caminho: Escolher com consci\u00eancia, Viver com presen\u00e7a - C\u00e2ncer de Mama","robots":{"index":"index","follow":"follow","max-snippet":"max-snippet:-1","max-image-preview":"max-image-preview:large","max-video-preview":"max-video-preview:-1"},"canonical":"https:\/\/saude.novartis.com.br\/cancer-de-mama\/meu-caminho-escolher-com-consciencia-viver-com-presenca\/","og_locale":"pt_BR","og_type":"article","og_title":"Meu Caminho: Escolher com consci\u00eancia, Viver com presen\u00e7a - C\u00e2ncer de Mama","og_description":"Receber um diagn\u00f3stico de c\u00e2ncer de mama transforma a rotina, os planos e as prioridades....","og_url":"https:\/\/saude.novartis.com.br\/cancer-de-mama\/meu-caminho-escolher-com-consciencia-viver-com-presenca\/","og_site_name":"C\u00e2ncer de Mama","article_published_time":"2025-12-15T14:12:36+00:00","article_modified_time":"2026-03-10T15:24:42+00:00","og_image":[{"width":1300,"height":850,"url":"https:\/\/saude.novartis.com.br\/cancer-de-mama\/wp-content\/uploads\/sites\/10\/2026\/01\/img-caminho-manifesto-topo-cont04.png","type":"image\/png"}],"author":"Emerson Archanjo","twitter_card":"summary_large_image","twitter_misc":{"Escrito por":"Emerson Archanjo","Est. tempo de leitura":"2 minutos"},"schema":{"@context":"https:\/\/schema.org","@graph":[{"@type":"Article","@id":"https:\/\/saude.novartis.com.br\/cancer-de-mama\/meu-caminho-escolher-com-consciencia-viver-com-presenca\/#article","isPartOf":{"@id":"https:\/\/saude.novartis.com.br\/cancer-de-mama\/meu-caminho-escolher-com-consciencia-viver-com-presenca\/"},"author":{"name":"Emerson Archanjo","@id":"https:\/\/saude.novartis.com.br\/cancer-de-mama\/#\/schema\/person\/1b318d777ae0f4814fdb68ae4d486b85"},"headline":"Meu Caminho: Escolher com consci\u00eancia, Viver com presen\u00e7a","datePublished":"2025-12-15T14:12:36+00:00","dateModified":"2026-03-10T15:24:42+00:00","mainEntityOfPage":{"@id":"https:\/\/saude.novartis.com.br\/cancer-de-mama\/meu-caminho-escolher-com-consciencia-viver-com-presenca\/"},"wordCount":331,"publisher":{"@id":"https:\/\/saude.novartis.com.br\/cancer-de-mama\/#organization"},"image":{"@id":"https:\/\/saude.novartis.com.br\/cancer-de-mama\/meu-caminho-escolher-com-consciencia-viver-com-presenca\/#primaryimage"},"thumbnailUrl":"https:\/\/saude.novartis.com.br\/cancer-de-mama\/wp-content\/uploads\/sites\/10\/2026\/01\/img-caminho-manifesto-topo-cont04.png","articleSection":["C\u00e2ncer de Mama Inicial","C\u00e2ncer de Mama Metast\u00e1tico"],"inLanguage":"pt-BR"},{"@type":"WebPage","@id":"https:\/\/saude.novartis.com.br\/cancer-de-mama\/meu-caminho-escolher-com-consciencia-viver-com-presenca\/","url":"https:\/\/saude.novartis.com.br\/cancer-de-mama\/meu-caminho-escolher-com-consciencia-viver-com-presenca\/","name":"Meu Caminho: Escolher com consci\u00eancia, Viver com presen\u00e7a - C\u00e2ncer de Mama","isPartOf":{"@id":"https:\/\/saude.novartis.com.br\/cancer-de-mama\/#website"},"primaryImageOfPage":{"@id":"https:\/\/saude.novartis.com.br\/cancer-de-mama\/meu-caminho-escolher-com-consciencia-viver-com-presenca\/#primaryimage"},"image":{"@id":"https:\/\/saude.novartis.com.br\/cancer-de-mama\/meu-caminho-escolher-com-consciencia-viver-com-presenca\/#primaryimage"},"thumbnailUrl":"https:\/\/saude.novartis.com.br\/cancer-de-mama\/wp-content\/uploads\/sites\/10\/2026\/01\/img-caminho-manifesto-topo-cont04.png","datePublished":"2025-12-15T14:12:36+00:00","dateModified":"2026-03-10T15:24:42+00:00","breadcrumb":{"@id":"https:\/\/saude.novartis.com.br\/cancer-de-mama\/meu-caminho-escolher-com-consciencia-viver-com-presenca\/#breadcrumb"},"inLanguage":"pt-BR","potentialAction":[{"@type":"ReadAction","target":["https:\/\/saude.novartis.com.br\/cancer-de-mama\/meu-caminho-escolher-com-consciencia-viver-com-presenca\/"]}]},{"@type":"ImageObject","inLanguage":"pt-BR","@id":"https:\/\/saude.novartis.com.br\/cancer-de-mama\/meu-caminho-escolher-com-consciencia-viver-com-presenca\/#primaryimage","url":"https:\/\/saude.novartis.com.br\/cancer-de-mama\/wp-content\/uploads\/sites\/10\/2026\/01\/img-caminho-manifesto-topo-cont04.png","contentUrl":"https:\/\/saude.novartis.com.br\/cancer-de-mama\/wp-content\/uploads\/sites\/10\/2026\/01\/img-caminho-manifesto-topo-cont04.png","width":1300,"height":850},{"@type":"BreadcrumbList","@id":"https:\/\/saude.novartis.com.br\/cancer-de-mama\/meu-caminho-escolher-com-consciencia-viver-com-presenca\/#breadcrumb","itemListElement":[{"@type":"ListItem","position":1,"name":"In\u00edcio","item":"https:\/\/saude.novartis.com.br\/cancer-de-mama\/"},{"@type":"ListItem","position":2,"name":"Meu Caminho: Escolher com consci\u00eancia, Viver com presen\u00e7a"}]},{"@type":"WebSite","@id":"https:\/\/saude.novartis.com.br\/cancer-de-mama\/#website","url":"https:\/\/saude.novartis.com.br\/cancer-de-mama\/","name":"C\u00e2ncer de Mama","description":"Saiba exatamente o que \u00e9 C\u00e2ncer de Mama. Conhe\u00e7a seus sintomas, diagn\u00f3sticos e tratamento. Acesse nossos conte\u00fados Novartis e saiba mais. | Novartis","publisher":{"@id":"https:\/\/saude.novartis.com.br\/cancer-de-mama\/#organization"},"potentialAction":[{"@type":"SearchAction","target":{"@type":"EntryPoint","urlTemplate":"https:\/\/saude.novartis.com.br\/cancer-de-mama\/?s={search_term_string}"},"query-input":{"@type":"PropertyValueSpecification","valueRequired":true,"valueName":"search_term_string"}}],"inLanguage":"pt-BR"},{"@type":"Organization","@id":"https:\/\/saude.novartis.com.br\/cancer-de-mama\/#organization","name":"Novartis","url":"https:\/\/saude.novartis.com.br\/cancer-de-mama\/","logo":{"@type":"ImageObject","inLanguage":"pt-BR","@id":"https:\/\/saude.novartis.com.br\/cancer-de-mama\/#\/schema\/logo\/image\/","url":"https:\/\/saude.novartis.com.br\/cancer-de-mama\/wp-content\/uploads\/sites\/10\/2025\/09\/logo_meu-caminho-cancer-de-mama1.png","contentUrl":"https:\/\/saude.novartis.com.br\/cancer-de-mama\/wp-content\/uploads\/sites\/10\/2025\/09\/logo_meu-caminho-cancer-de-mama1.png","width":273,"height":117,"caption":"Novartis"},"image":{"@id":"https:\/\/saude.novartis.com.br\/cancer-de-mama\/#\/schema\/logo\/image\/"}},{"@type":"Person","@id":"https:\/\/saude.novartis.com.br\/cancer-de-mama\/#\/schema\/person\/1b318d777ae0f4814fdb68ae4d486b85","name":"Emerson Archanjo","image":{"@type":"ImageObject","inLanguage":"pt-BR","@id":"https:\/\/saude.novartis.com.br\/cancer-de-mama\/#\/schema\/person\/image\/","url":"https:\/\/secure.gravatar.com\/avatar\/2455536163c7e046593984ca72822786?s=96&d=mm&r=g","contentUrl":"https:\/\/secure.gravatar.com\/avatar\/2455536163c7e046593984ca72822786?s=96&d=mm&r=g","caption":"Emerson Archanjo"},"url":"https:\/\/saude.novartis.com.br\/cancer-de-mama\/author\/caramem1\/"}]}},"_links":{"self":[{"href":"https:\/\/saude.novartis.com.br\/cancer-de-mama\/wp-json\/wp\/v2\/posts\/5170"}],"collection":[{"href":"https:\/\/saude.novartis.com.br\/cancer-de-mama\/wp-json\/wp\/v2\/posts"}],"about":[{"href":"https:\/\/saude.novartis.com.br\/cancer-de-mama\/wp-json\/wp\/v2\/types\/post"}],"author":[{"embeddable":true,"href":"https:\/\/saude.novartis.com.br\/cancer-de-mama\/wp-json\/wp\/v2\/users\/2"}],"replies":[{"embeddable":true,"href":"https:\/\/saude.novartis.com.br\/cancer-de-mama\/wp-json\/wp\/v2\/comments?post=5170"}],"version-history":[{"count":10,"href":"https:\/\/saude.novartis.com.br\/cancer-de-mama\/wp-json\/wp\/v2\/posts\/5170\/revisions"}],"predecessor-version":[{"id":5387,"href":"https:\/\/saude.novartis.com.br\/cancer-de-mama\/wp-json\/wp\/v2\/posts\/5170\/revisions\/5387"}],"wp:featuredmedia":[{"embeddable":true,"href":"https:\/\/saude.novartis.com.br\/cancer-de-mama\/wp-json\/wp\/v2\/media\/5275"}],"wp:attachment":[{"href":"https:\/\/saude.novartis.com.br\/cancer-de-mama\/wp-json\/wp\/v2\/media?parent=5170"}],"wp:term":[{"taxonomy":"category","embeddable":true,"href":"https:\/\/saude.novartis.com.br\/cancer-de-mama\/wp-json\/wp\/v2\/categories?post=5170"},{"taxonomy":"post_tag","embeddable":true,"href":"https:\/\/saude.novartis.com.br\/cancer-de-mama\/wp-json\/wp\/v2\/tags?post=5170"}],"curies":[{"name":"wp","href":"https:\/\/api.w.org\/{rel}","templated":true}]}}