{"id":5068,"date":"2026-03-23T10:24:37","date_gmt":"2026-03-23T13:24:37","guid":{"rendered":"https:\/\/saude.novartis.com.br\/cancer-de-mama\/?p=5068"},"modified":"2026-03-23T15:44:39","modified_gmt":"2026-03-23T18:44:39","slug":"autocuidado-no-cancer-metastatico-como-cuidar-de-si-mesmo-durante-o-tratamento","status":"publish","type":"post","link":"https:\/\/saude.novartis.com.br\/cancer-de-mama\/autocuidado-no-cancer-metastatico-como-cuidar-de-si-mesmo-durante-o-tratamento\/","title":{"rendered":"Autocuidado no C\u00e2ncer Metast\u00e1tico: Como Cuidar de Si Mesmo Durante o Tratamento"},"content":{"rendered":"<p>O c\u00e2ncer metast\u00e1tico traz desafios \u00fanicos, tanto para o corpo quanto para a mente. Em meio aos tratamentos, consultas m\u00e9dicas e exames, \u00e9 f\u00e1cil esquecer de cuidar de si. No entanto, o autocuidado nunca foi t\u00e3o importante. Cuidar de sua sa\u00fade mental, emocional e f\u00edsica vai al\u00e9m do tratamento m\u00e9dico, \u00e9 um passo essencial para manter sua qualidade de vida e seguir com dignidade e autonomia.<sup>1<\/sup> <\/p>\n<h3>O Que \u00e9 Autocuidado e Por Que Ele \u00e9 Importante?<\/h3>\n<p>O autocuidado envolve pr\u00e1ticas que ajudam a preservar sua sa\u00fade f\u00edsica e emocional. Isso inclui cuidar do corpo, da mente e das emo\u00e7\u00f5es, considerando seu bem-estar como um todo. Embora o tratamento m\u00e9dico seja a prioridade, o autocuidado auxilia na recupera\u00e7\u00e3o, minimizando os efeitos colaterais do tratamento e melhorando a qualidade de vida.<sup>1<\/sup> <\/p>\n<p>Cuidar de si tamb\u00e9m \u00e9 um ato de auto compaix\u00e3o e respeito, ajudando a manter sua for\u00e7a mental e emocional. No contexto do c\u00e2ncer metast\u00e1tico, \u00e9 importante entender que n\u00e3o h\u00e1 vergonha em priorizar o seu bem-estar. Ao fazer isso, voc\u00ea fortalece sua jornada de tratamento e se coloca em uma posi\u00e7\u00e3o melhor para tomar decis\u00f5es sobre sua sa\u00fade.<sup>1<\/sup> <\/p>\n<div style=\"background-color: #54346a; padding: 20px 50px; margin-bottom: 25px;\" >\n<div class=\"row\" style=\"align-content: center; margin: 10px; font-size: 1.1em;\">\n<h3 style=\"color:#ffffff;\">Estrat\u00e9gias de Autocuidado Durante o Tratamento <\/h3>\n<p style=\"color:#ffffff;\">Aqui est\u00e3o algumas estrat\u00e9gias pr\u00e1ticas de autocuidado que podem ser adaptadas \u00e0 sua rotina, promovendo o equil\u00edbrio f\u00edsico e emocional: <\/p>\n<p style=\"color:#ffffff;\"><b>Alimenta\u00e7\u00e3o Saud\u00e1vel e Balanceada:<\/b> Manter uma alimenta\u00e7\u00e3o saud\u00e1vel ajuda a fortalecer o corpo e a promover uma recupera\u00e7\u00e3o mais eficiente. Frutas, legumes, prote\u00ednas magras e gr\u00e3os integrais s\u00e3o essenciais. Evitar alimentos ultraprocessados e bebidas alco\u00f3licas pode diminuir a inflama\u00e7\u00e3o e ajudar o corpo a lidar melhor com os tratamentos.<sup>1<\/sup> <\/p>\n<p style=\"color:#ffffff;\"><b>Movimento e Exerc\u00edcios Leves:<\/b> A atividade f\u00edsica \u00e9 uma das melhores formas de melhorar o humor, aumentar a energia e reduzir o estresse. Caminhadas leves, alongamentos e at\u00e9 atividades relaxantes como o yoga podem ser incorporadas \u00e0 rotina, sempre com a orienta\u00e7\u00e3o do seu m\u00e9dico.<sup>2<\/sup> <\/p>\n<p style=\"color:#ffffff;\"><b>Cuidado com a Sa\u00fade Mental:<\/b> O impacto emocional do c\u00e2ncer metast\u00e1tico pode ser profundo, por isso \u00e9 fundamental cuidar da sua sa\u00fade mental. Conversar com um terapeuta, praticar medita\u00e7\u00e3o, ou at\u00e9 escrever em um di\u00e1rio pode ajudar a aliviar a ansiedade e promover seu bem-estar emocional.<sup>1<\/sup> <\/p>\n<p style=\"color:#ffffff;\"><b>Sono de Qualidade:<\/b> O sono \u00e9 um dos pilares mais importantes do autocuidado. Dormir bem ajuda o corpo a se recuperar e a fortalecer o sistema imunol\u00f3gico. Para promover um sono reparador, evite estimulantes como caf\u00e9 antes de dormir e tente criar uma rotina de relaxamento \u00e0 noite.<sup>1<\/sup><\/p>\n<p style=\"color:#ffffff;\"><b>Conex\u00e3o com a Fam\u00edlia e Amigos:<\/b> O apoio social \u00e9 essencial durante o tratamento. Falar com pessoas de confian\u00e7a sobre seus sentimentos, medos e conquistas pode proporcionar al\u00edvio emocional e fazer com que voc\u00ea se sinta acolhido(a). N\u00e3o hesite em pedir ajuda quando necess\u00e1rio.<sup>1<\/sup> <\/p>\n<\/p><\/div>\n<\/div>\n<div style=\"background-color: #ffffff;  margin-bottom: 25px;\" >\n<div class=\"row\">\n<div class=\" col-md-5\">\n        <img decoding=\"async\" src=\"https:\/\/saude.novartis.com.br\/cancer-de-mama\/wp-content\/uploads\/sites\/10\/2025\/09\/img-caminho-avancado-autocuidado-no-tratamento-04.jpg\" class=\"img-fluid\">\n    <\/div>\n<div class=\" col-md-6\">\n<div style=\"align-content: center; margin: 5px 10px;\">\n<p style=\"font-size: 1.1em;\"><b>O Impacto do Autocuidado na Qualidade de Vida <\/b><br \/>\n           Quando voc\u00ea se dedica ao autocuidado, n\u00e3o est\u00e1 apenas aliviando os sintomas f\u00edsicos e emocionais, mas tamb\u00e9m criando um espa\u00e7o para decis\u00f5es mais claras e assertivas. O autocuidado pode ajudar a reduzir o impacto das terapias, aliviar os efeitos colaterais e proporcionar uma sensa\u00e7\u00e3o geral de controle sobre sua vida. Isso se traduz em uma vida mais plena e equilibrada, mesmo no enfrentamento do c\u00e2ncer metast\u00e1tico.<sup>1<\/sup>\n       <\/p>\n<\/p><\/div>\n<\/p><\/div>\n<\/p><\/div>\n<\/div>\n<div style=\"background-color: #ffffff;  margin-bottom: 25px;\" >\n<div class=\"row\">\n<div class=\" col-md-7\">\n<div style=\"align-content: center; margin: 5px 10px;\">\n<p style=\"font-size: 1.1em;\"><b>O Protagonismo no Autocuidado: O Caminho \u00e9 Seu <\/b><br \/>\n           Lembre-se de que o autocuidado \u00e9 uma escolha. Ele \u00e9 parte fundamental do seu tratamento e do seu bem-estar geral. Ao cuidar de si mesma, voc\u00ea refor\u00e7a o seu protagonismo nesta jornada, tomando decis\u00f5es que promovem sua sa\u00fade e felicidade.<sup>1<\/sup>\n       <\/p>\n<\/p><\/div>\n<\/p><\/div>\n<div class=\" col-md-4\">\n        <img decoding=\"async\" src=\"https:\/\/saude.novartis.com.br\/cancer-de-mama\/wp-content\/uploads\/sites\/10\/2025\/09\/img-caminho-avancado-autocuidado-no-tratamento-03.jpg\" class=\"img-fluid\">\n    <\/div>\n<\/p><\/div>\n<\/div>\n<div style=\"background-color: #54346a; padding: 20px 50px; margin-bottom: 25px;\" >\n<div class=\"row\" style=\"align-content: center; margin: 10px; font-size: 1.1em;\">\n<p style=\"color:#ffffff;\">No fim, n\u00e3o se trata apenas de sobreviver ao tratamento, mas de viver com qualidade e dignidade, independentemente das circunst\u00e2ncias.<sup>1<\/sup> <\/p>\n<\/p><\/div>\n<\/div>\n<p><!-- REFERENCIAL ============== --><\/p>\n<hr>\n<p><small><b>Refer\u00eancias:<\/b><br \/>\n1. American Cancer Society. &#8220;Breast Cancer\u2014Metastatic.&#8221; Dispon\u00edvel em: www.cancer.org. Acesso em: julho de 2025. 2. Breastcancer.org. \u201cExercise During Breast Cancer Treatment.\u201d Dispon\u00edvel em: www.breastcancer.org. Acesso em: julho de 2025.<br \/>\n<\/small><\/p>\n<hr>\n<p><small>Material destinado ao p\u00fablico leigo. 2026 \u24d2 Direitos reservados Novartis Bioci\u00eancias S\/A. Proibida a reprodu\u00e7\u00e3o total ou parcial sem a autoriza\u00e7\u00e3o do titular. Produzido em Janeiro\/2026 <\/small><\/p>\n<p>BR-35653<\/p>\n<style>\n.img-fluid{\nmax-width: 100%;\nheight: auto;\n}\n<\/style>\n","protected":false},"excerpt":{"rendered":"<p>O c\u00e2ncer metast\u00e1tico traz desafios \u00fanicos, tanto para o corpo quanto para a mente. Em&#8230;<\/p>\n","protected":false},"author":2,"featured_media":5422,"comment_status":"closed","ping_status":"open","sticky":false,"template":"single-largura-total.php","format":"standard","meta":{"_acf_changed":false,"footnotes":""},"categories":[25],"tags":[],"class_list":["post-5068","post","type-post","status-publish","format-standard","has-post-thumbnail","hentry","category-cancer-de-mama-metastatico"],"acf":[],"yoast_head":"<!-- This site is optimized with the Yoast SEO plugin v25.1 - https:\/\/yoast.com\/wordpress\/plugins\/seo\/ -->\n<title>Autocuidado no C\u00e2ncer Metast\u00e1tico: Como Cuidar de Si Mesmo Durante o Tratamento - C\u00e2ncer de Mama<\/title>\n<meta name=\"robots\" content=\"index, follow, max-snippet:-1, max-image-preview:large, max-video-preview:-1\" \/>\n<link rel=\"canonical\" href=\"https:\/\/saude.novartis.com.br\/cancer-de-mama\/autocuidado-no-cancer-metastatico-como-cuidar-de-si-mesmo-durante-o-tratamento\/\" \/>\n<meta property=\"og:locale\" content=\"pt_BR\" \/>\n<meta property=\"og:type\" content=\"article\" \/>\n<meta property=\"og:title\" content=\"Autocuidado no C\u00e2ncer Metast\u00e1tico: Como Cuidar de Si Mesmo Durante o Tratamento - C\u00e2ncer de Mama\" \/>\n<meta property=\"og:description\" content=\"O c\u00e2ncer metast\u00e1tico traz desafios \u00fanicos, tanto para o corpo quanto para a mente. Em...\" \/>\n<meta property=\"og:url\" content=\"https:\/\/saude.novartis.com.br\/cancer-de-mama\/autocuidado-no-cancer-metastatico-como-cuidar-de-si-mesmo-durante-o-tratamento\/\" \/>\n<meta property=\"og:site_name\" content=\"C\u00e2ncer de Mama\" \/>\n<meta property=\"article:published_time\" content=\"2026-03-23T13:24:37+00:00\" \/>\n<meta property=\"article:modified_time\" content=\"2026-03-23T18:44:39+00:00\" \/>\n<meta property=\"og:image\" content=\"https:\/\/saude.novartis.com.br\/cancer-de-mama\/wp-content\/uploads\/sites\/10\/2026\/03\/img-caminho-autocuidado-metastatico-topo-f3.jpg\" \/>\n\t<meta property=\"og:image:width\" content=\"1300\" \/>\n\t<meta property=\"og:image:height\" content=\"850\" \/>\n\t<meta property=\"og:image:type\" content=\"image\/jpeg\" \/>\n<meta name=\"author\" content=\"Emerson Archanjo\" \/>\n<meta name=\"twitter:card\" content=\"summary_large_image\" \/>\n<meta name=\"twitter:label1\" content=\"Escrito por\" \/>\n\t<meta name=\"twitter:data1\" content=\"Emerson Archanjo\" \/>\n\t<meta name=\"twitter:label2\" content=\"Est. tempo de leitura\" \/>\n\t<meta name=\"twitter:data2\" content=\"4 minutos\" \/>\n<script type=\"application\/ld+json\" class=\"yoast-schema-graph\">{\"@context\":\"https:\/\/schema.org\",\"@graph\":[{\"@type\":\"Article\",\"@id\":\"https:\/\/saude.novartis.com.br\/cancer-de-mama\/autocuidado-no-cancer-metastatico-como-cuidar-de-si-mesmo-durante-o-tratamento\/#article\",\"isPartOf\":{\"@id\":\"https:\/\/saude.novartis.com.br\/cancer-de-mama\/autocuidado-no-cancer-metastatico-como-cuidar-de-si-mesmo-durante-o-tratamento\/\"},\"author\":{\"name\":\"Emerson Archanjo\",\"@id\":\"https:\/\/saude.novartis.com.br\/cancer-de-mama\/#\/schema\/person\/1b318d777ae0f4814fdb68ae4d486b85\"},\"headline\":\"Autocuidado no C\u00e2ncer Metast\u00e1tico: Como Cuidar de Si Mesmo Durante o Tratamento\",\"datePublished\":\"2026-03-23T13:24:37+00:00\",\"dateModified\":\"2026-03-23T18:44:39+00:00\",\"mainEntityOfPage\":{\"@id\":\"https:\/\/saude.novartis.com.br\/cancer-de-mama\/autocuidado-no-cancer-metastatico-como-cuidar-de-si-mesmo-durante-o-tratamento\/\"},\"wordCount\":722,\"publisher\":{\"@id\":\"https:\/\/saude.novartis.com.br\/cancer-de-mama\/#organization\"},\"image\":{\"@id\":\"https:\/\/saude.novartis.com.br\/cancer-de-mama\/autocuidado-no-cancer-metastatico-como-cuidar-de-si-mesmo-durante-o-tratamento\/#primaryimage\"},\"thumbnailUrl\":\"https:\/\/saude.novartis.com.br\/cancer-de-mama\/wp-content\/uploads\/sites\/10\/2026\/03\/img-caminho-autocuidado-metastatico-topo-f3.jpg\",\"articleSection\":[\"C\u00e2ncer de Mama Metast\u00e1tico\"],\"inLanguage\":\"pt-BR\"},{\"@type\":\"WebPage\",\"@id\":\"https:\/\/saude.novartis.com.br\/cancer-de-mama\/autocuidado-no-cancer-metastatico-como-cuidar-de-si-mesmo-durante-o-tratamento\/\",\"url\":\"https:\/\/saude.novartis.com.br\/cancer-de-mama\/autocuidado-no-cancer-metastatico-como-cuidar-de-si-mesmo-durante-o-tratamento\/\",\"name\":\"Autocuidado no C\u00e2ncer Metast\u00e1tico: Como Cuidar de Si Mesmo Durante o Tratamento - C\u00e2ncer de Mama\",\"isPartOf\":{\"@id\":\"https:\/\/saude.novartis.com.br\/cancer-de-mama\/#website\"},\"primaryImageOfPage\":{\"@id\":\"https:\/\/saude.novartis.com.br\/cancer-de-mama\/autocuidado-no-cancer-metastatico-como-cuidar-de-si-mesmo-durante-o-tratamento\/#primaryimage\"},\"image\":{\"@id\":\"https:\/\/saude.novartis.com.br\/cancer-de-mama\/autocuidado-no-cancer-metastatico-como-cuidar-de-si-mesmo-durante-o-tratamento\/#primaryimage\"},\"thumbnailUrl\":\"https:\/\/saude.novartis.com.br\/cancer-de-mama\/wp-content\/uploads\/sites\/10\/2026\/03\/img-caminho-autocuidado-metastatico-topo-f3.jpg\",\"datePublished\":\"2026-03-23T13:24:37+00:00\",\"dateModified\":\"2026-03-23T18:44:39+00:00\",\"breadcrumb\":{\"@id\":\"https:\/\/saude.novartis.com.br\/cancer-de-mama\/autocuidado-no-cancer-metastatico-como-cuidar-de-si-mesmo-durante-o-tratamento\/#breadcrumb\"},\"inLanguage\":\"pt-BR\",\"potentialAction\":[{\"@type\":\"ReadAction\",\"target\":[\"https:\/\/saude.novartis.com.br\/cancer-de-mama\/autocuidado-no-cancer-metastatico-como-cuidar-de-si-mesmo-durante-o-tratamento\/\"]}]},{\"@type\":\"ImageObject\",\"inLanguage\":\"pt-BR\",\"@id\":\"https:\/\/saude.novartis.com.br\/cancer-de-mama\/autocuidado-no-cancer-metastatico-como-cuidar-de-si-mesmo-durante-o-tratamento\/#primaryimage\",\"url\":\"https:\/\/saude.novartis.com.br\/cancer-de-mama\/wp-content\/uploads\/sites\/10\/2026\/03\/img-caminho-autocuidado-metastatico-topo-f3.jpg\",\"contentUrl\":\"https:\/\/saude.novartis.com.br\/cancer-de-mama\/wp-content\/uploads\/sites\/10\/2026\/03\/img-caminho-autocuidado-metastatico-topo-f3.jpg\",\"width\":1300,\"height\":850},{\"@type\":\"BreadcrumbList\",\"@id\":\"https:\/\/saude.novartis.com.br\/cancer-de-mama\/autocuidado-no-cancer-metastatico-como-cuidar-de-si-mesmo-durante-o-tratamento\/#breadcrumb\",\"itemListElement\":[{\"@type\":\"ListItem\",\"position\":1,\"name\":\"In\u00edcio\",\"item\":\"https:\/\/saude.novartis.com.br\/cancer-de-mama\/\"},{\"@type\":\"ListItem\",\"position\":2,\"name\":\"Autocuidado no C\u00e2ncer Metast\u00e1tico: Como Cuidar de Si Mesmo Durante o Tratamento\"}]},{\"@type\":\"WebSite\",\"@id\":\"https:\/\/saude.novartis.com.br\/cancer-de-mama\/#website\",\"url\":\"https:\/\/saude.novartis.com.br\/cancer-de-mama\/\",\"name\":\"C\u00e2ncer de Mama\",\"description\":\"Saiba exatamente o que \u00e9 C\u00e2ncer de Mama. Conhe\u00e7a seus sintomas, diagn\u00f3sticos e tratamento. Acesse nossos conte\u00fados Novartis e saiba mais. | Novartis\",\"publisher\":{\"@id\":\"https:\/\/saude.novartis.com.br\/cancer-de-mama\/#organization\"},\"potentialAction\":[{\"@type\":\"SearchAction\",\"target\":{\"@type\":\"EntryPoint\",\"urlTemplate\":\"https:\/\/saude.novartis.com.br\/cancer-de-mama\/?s={search_term_string}\"},\"query-input\":{\"@type\":\"PropertyValueSpecification\",\"valueRequired\":true,\"valueName\":\"search_term_string\"}}],\"inLanguage\":\"pt-BR\"},{\"@type\":\"Organization\",\"@id\":\"https:\/\/saude.novartis.com.br\/cancer-de-mama\/#organization\",\"name\":\"Novartis\",\"url\":\"https:\/\/saude.novartis.com.br\/cancer-de-mama\/\",\"logo\":{\"@type\":\"ImageObject\",\"inLanguage\":\"pt-BR\",\"@id\":\"https:\/\/saude.novartis.com.br\/cancer-de-mama\/#\/schema\/logo\/image\/\",\"url\":\"https:\/\/saude.novartis.com.br\/cancer-de-mama\/wp-content\/uploads\/sites\/10\/2025\/09\/logo_meu-caminho-cancer-de-mama1.png\",\"contentUrl\":\"https:\/\/saude.novartis.com.br\/cancer-de-mama\/wp-content\/uploads\/sites\/10\/2025\/09\/logo_meu-caminho-cancer-de-mama1.png\",\"width\":273,\"height\":117,\"caption\":\"Novartis\"},\"image\":{\"@id\":\"https:\/\/saude.novartis.com.br\/cancer-de-mama\/#\/schema\/logo\/image\/\"}},{\"@type\":\"Person\",\"@id\":\"https:\/\/saude.novartis.com.br\/cancer-de-mama\/#\/schema\/person\/1b318d777ae0f4814fdb68ae4d486b85\",\"name\":\"Emerson Archanjo\",\"image\":{\"@type\":\"ImageObject\",\"inLanguage\":\"pt-BR\",\"@id\":\"https:\/\/saude.novartis.com.br\/cancer-de-mama\/#\/schema\/person\/image\/\",\"url\":\"https:\/\/secure.gravatar.com\/avatar\/2455536163c7e046593984ca72822786?s=96&d=mm&r=g\",\"contentUrl\":\"https:\/\/secure.gravatar.com\/avatar\/2455536163c7e046593984ca72822786?s=96&d=mm&r=g\",\"caption\":\"Emerson Archanjo\"},\"url\":\"https:\/\/saude.novartis.com.br\/cancer-de-mama\/author\/caramem1\/\"}]}<\/script>\n<!-- \/ Yoast SEO plugin. -->","yoast_head_json":{"title":"Autocuidado no C\u00e2ncer Metast\u00e1tico: Como Cuidar de Si Mesmo Durante o Tratamento - C\u00e2ncer de Mama","robots":{"index":"index","follow":"follow","max-snippet":"max-snippet:-1","max-image-preview":"max-image-preview:large","max-video-preview":"max-video-preview:-1"},"canonical":"https:\/\/saude.novartis.com.br\/cancer-de-mama\/autocuidado-no-cancer-metastatico-como-cuidar-de-si-mesmo-durante-o-tratamento\/","og_locale":"pt_BR","og_type":"article","og_title":"Autocuidado no C\u00e2ncer Metast\u00e1tico: Como Cuidar de Si Mesmo Durante o Tratamento - C\u00e2ncer de Mama","og_description":"O c\u00e2ncer metast\u00e1tico traz desafios \u00fanicos, tanto para o corpo quanto para a mente. Em...","og_url":"https:\/\/saude.novartis.com.br\/cancer-de-mama\/autocuidado-no-cancer-metastatico-como-cuidar-de-si-mesmo-durante-o-tratamento\/","og_site_name":"C\u00e2ncer de Mama","article_published_time":"2026-03-23T13:24:37+00:00","article_modified_time":"2026-03-23T18:44:39+00:00","og_image":[{"width":1300,"height":850,"url":"https:\/\/saude.novartis.com.br\/cancer-de-mama\/wp-content\/uploads\/sites\/10\/2026\/03\/img-caminho-autocuidado-metastatico-topo-f3.jpg","type":"image\/jpeg"}],"author":"Emerson Archanjo","twitter_card":"summary_large_image","twitter_misc":{"Escrito por":"Emerson Archanjo","Est. tempo de leitura":"4 minutos"},"schema":{"@context":"https:\/\/schema.org","@graph":[{"@type":"Article","@id":"https:\/\/saude.novartis.com.br\/cancer-de-mama\/autocuidado-no-cancer-metastatico-como-cuidar-de-si-mesmo-durante-o-tratamento\/#article","isPartOf":{"@id":"https:\/\/saude.novartis.com.br\/cancer-de-mama\/autocuidado-no-cancer-metastatico-como-cuidar-de-si-mesmo-durante-o-tratamento\/"},"author":{"name":"Emerson Archanjo","@id":"https:\/\/saude.novartis.com.br\/cancer-de-mama\/#\/schema\/person\/1b318d777ae0f4814fdb68ae4d486b85"},"headline":"Autocuidado no C\u00e2ncer Metast\u00e1tico: Como Cuidar de Si Mesmo Durante o Tratamento","datePublished":"2026-03-23T13:24:37+00:00","dateModified":"2026-03-23T18:44:39+00:00","mainEntityOfPage":{"@id":"https:\/\/saude.novartis.com.br\/cancer-de-mama\/autocuidado-no-cancer-metastatico-como-cuidar-de-si-mesmo-durante-o-tratamento\/"},"wordCount":722,"publisher":{"@id":"https:\/\/saude.novartis.com.br\/cancer-de-mama\/#organization"},"image":{"@id":"https:\/\/saude.novartis.com.br\/cancer-de-mama\/autocuidado-no-cancer-metastatico-como-cuidar-de-si-mesmo-durante-o-tratamento\/#primaryimage"},"thumbnailUrl":"https:\/\/saude.novartis.com.br\/cancer-de-mama\/wp-content\/uploads\/sites\/10\/2026\/03\/img-caminho-autocuidado-metastatico-topo-f3.jpg","articleSection":["C\u00e2ncer de Mama Metast\u00e1tico"],"inLanguage":"pt-BR"},{"@type":"WebPage","@id":"https:\/\/saude.novartis.com.br\/cancer-de-mama\/autocuidado-no-cancer-metastatico-como-cuidar-de-si-mesmo-durante-o-tratamento\/","url":"https:\/\/saude.novartis.com.br\/cancer-de-mama\/autocuidado-no-cancer-metastatico-como-cuidar-de-si-mesmo-durante-o-tratamento\/","name":"Autocuidado no C\u00e2ncer Metast\u00e1tico: Como Cuidar de Si Mesmo Durante o Tratamento - C\u00e2ncer de Mama","isPartOf":{"@id":"https:\/\/saude.novartis.com.br\/cancer-de-mama\/#website"},"primaryImageOfPage":{"@id":"https:\/\/saude.novartis.com.br\/cancer-de-mama\/autocuidado-no-cancer-metastatico-como-cuidar-de-si-mesmo-durante-o-tratamento\/#primaryimage"},"image":{"@id":"https:\/\/saude.novartis.com.br\/cancer-de-mama\/autocuidado-no-cancer-metastatico-como-cuidar-de-si-mesmo-durante-o-tratamento\/#primaryimage"},"thumbnailUrl":"https:\/\/saude.novartis.com.br\/cancer-de-mama\/wp-content\/uploads\/sites\/10\/2026\/03\/img-caminho-autocuidado-metastatico-topo-f3.jpg","datePublished":"2026-03-23T13:24:37+00:00","dateModified":"2026-03-23T18:44:39+00:00","breadcrumb":{"@id":"https:\/\/saude.novartis.com.br\/cancer-de-mama\/autocuidado-no-cancer-metastatico-como-cuidar-de-si-mesmo-durante-o-tratamento\/#breadcrumb"},"inLanguage":"pt-BR","potentialAction":[{"@type":"ReadAction","target":["https:\/\/saude.novartis.com.br\/cancer-de-mama\/autocuidado-no-cancer-metastatico-como-cuidar-de-si-mesmo-durante-o-tratamento\/"]}]},{"@type":"ImageObject","inLanguage":"pt-BR","@id":"https:\/\/saude.novartis.com.br\/cancer-de-mama\/autocuidado-no-cancer-metastatico-como-cuidar-de-si-mesmo-durante-o-tratamento\/#primaryimage","url":"https:\/\/saude.novartis.com.br\/cancer-de-mama\/wp-content\/uploads\/sites\/10\/2026\/03\/img-caminho-autocuidado-metastatico-topo-f3.jpg","contentUrl":"https:\/\/saude.novartis.com.br\/cancer-de-mama\/wp-content\/uploads\/sites\/10\/2026\/03\/img-caminho-autocuidado-metastatico-topo-f3.jpg","width":1300,"height":850},{"@type":"BreadcrumbList","@id":"https:\/\/saude.novartis.com.br\/cancer-de-mama\/autocuidado-no-cancer-metastatico-como-cuidar-de-si-mesmo-durante-o-tratamento\/#breadcrumb","itemListElement":[{"@type":"ListItem","position":1,"name":"In\u00edcio","item":"https:\/\/saude.novartis.com.br\/cancer-de-mama\/"},{"@type":"ListItem","position":2,"name":"Autocuidado no C\u00e2ncer Metast\u00e1tico: Como Cuidar de Si Mesmo Durante o Tratamento"}]},{"@type":"WebSite","@id":"https:\/\/saude.novartis.com.br\/cancer-de-mama\/#website","url":"https:\/\/saude.novartis.com.br\/cancer-de-mama\/","name":"C\u00e2ncer de Mama","description":"Saiba exatamente o que \u00e9 C\u00e2ncer de Mama. Conhe\u00e7a seus sintomas, diagn\u00f3sticos e tratamento. Acesse nossos conte\u00fados Novartis e saiba mais. | Novartis","publisher":{"@id":"https:\/\/saude.novartis.com.br\/cancer-de-mama\/#organization"},"potentialAction":[{"@type":"SearchAction","target":{"@type":"EntryPoint","urlTemplate":"https:\/\/saude.novartis.com.br\/cancer-de-mama\/?s={search_term_string}"},"query-input":{"@type":"PropertyValueSpecification","valueRequired":true,"valueName":"search_term_string"}}],"inLanguage":"pt-BR"},{"@type":"Organization","@id":"https:\/\/saude.novartis.com.br\/cancer-de-mama\/#organization","name":"Novartis","url":"https:\/\/saude.novartis.com.br\/cancer-de-mama\/","logo":{"@type":"ImageObject","inLanguage":"pt-BR","@id":"https:\/\/saude.novartis.com.br\/cancer-de-mama\/#\/schema\/logo\/image\/","url":"https:\/\/saude.novartis.com.br\/cancer-de-mama\/wp-content\/uploads\/sites\/10\/2025\/09\/logo_meu-caminho-cancer-de-mama1.png","contentUrl":"https:\/\/saude.novartis.com.br\/cancer-de-mama\/wp-content\/uploads\/sites\/10\/2025\/09\/logo_meu-caminho-cancer-de-mama1.png","width":273,"height":117,"caption":"Novartis"},"image":{"@id":"https:\/\/saude.novartis.com.br\/cancer-de-mama\/#\/schema\/logo\/image\/"}},{"@type":"Person","@id":"https:\/\/saude.novartis.com.br\/cancer-de-mama\/#\/schema\/person\/1b318d777ae0f4814fdb68ae4d486b85","name":"Emerson Archanjo","image":{"@type":"ImageObject","inLanguage":"pt-BR","@id":"https:\/\/saude.novartis.com.br\/cancer-de-mama\/#\/schema\/person\/image\/","url":"https:\/\/secure.gravatar.com\/avatar\/2455536163c7e046593984ca72822786?s=96&d=mm&r=g","contentUrl":"https:\/\/secure.gravatar.com\/avatar\/2455536163c7e046593984ca72822786?s=96&d=mm&r=g","caption":"Emerson Archanjo"},"url":"https:\/\/saude.novartis.com.br\/cancer-de-mama\/author\/caramem1\/"}]}},"_links":{"self":[{"href":"https:\/\/saude.novartis.com.br\/cancer-de-mama\/wp-json\/wp\/v2\/posts\/5068"}],"collection":[{"href":"https:\/\/saude.novartis.com.br\/cancer-de-mama\/wp-json\/wp\/v2\/posts"}],"about":[{"href":"https:\/\/saude.novartis.com.br\/cancer-de-mama\/wp-json\/wp\/v2\/types\/post"}],"author":[{"embeddable":true,"href":"https:\/\/saude.novartis.com.br\/cancer-de-mama\/wp-json\/wp\/v2\/users\/2"}],"replies":[{"embeddable":true,"href":"https:\/\/saude.novartis.com.br\/cancer-de-mama\/wp-json\/wp\/v2\/comments?post=5068"}],"version-history":[{"count":8,"href":"https:\/\/saude.novartis.com.br\/cancer-de-mama\/wp-json\/wp\/v2\/posts\/5068\/revisions"}],"predecessor-version":[{"id":5423,"href":"https:\/\/saude.novartis.com.br\/cancer-de-mama\/wp-json\/wp\/v2\/posts\/5068\/revisions\/5423"}],"wp:featuredmedia":[{"embeddable":true,"href":"https:\/\/saude.novartis.com.br\/cancer-de-mama\/wp-json\/wp\/v2\/media\/5422"}],"wp:attachment":[{"href":"https:\/\/saude.novartis.com.br\/cancer-de-mama\/wp-json\/wp\/v2\/media?parent=5068"}],"wp:term":[{"taxonomy":"category","embeddable":true,"href":"https:\/\/saude.novartis.com.br\/cancer-de-mama\/wp-json\/wp\/v2\/categories?post=5068"},{"taxonomy":"post_tag","embeddable":true,"href":"https:\/\/saude.novartis.com.br\/cancer-de-mama\/wp-json\/wp\/v2\/tags?post=5068"}],"curies":[{"name":"wp","href":"https:\/\/api.w.org\/{rel}","templated":true}]}}