{"id":5049,"date":"2026-03-23T10:27:03","date_gmt":"2026-03-23T13:27:03","guid":{"rendered":"https:\/\/saude.novartis.com.br\/cancer-de-mama\/?p=5049"},"modified":"2026-03-23T13:08:52","modified_gmt":"2026-03-23T16:08:52","slug":"voce-tem-perguntas-e-tudo-bem-perguntar-nao-e-fraqueza-e-protagonismo","status":"publish","type":"post","link":"https:\/\/saude.novartis.com.br\/cancer-de-mama\/voce-tem-perguntas-e-tudo-bem-perguntar-nao-e-fraqueza-e-protagonismo\/","title":{"rendered":"Voc\u00ea Tem Perguntas, e Tudo Bem: Perguntar N\u00e3o \u00c9 Fraqueza, \u00c9 Protagonismo"},"content":{"rendered":"<h3>O Direito de Perguntar: A Import\u00e2ncia da Comunica\u00e7\u00e3o<\/h3>\n<p>Ao receber o diagn\u00f3stico de c\u00e2ncer de mama, muitas quest\u00f5es surgem. O que isso significa para minha vida? Como ser\u00e1 o tratamento? O que devo esperar do futuro?<sup>1<\/sup> <\/p>\n<p>Ter d\u00favidas n\u00e3o significa que voc\u00ea est\u00e1 perdido(a). Significa que voc\u00ea quer entender, e isso \u00e9 essencial para seguir em frente de maneira mais consciente e confiante. Perguntar ao seu m\u00e9dico \u00e9 uma das formas mais poderosas de se envolver no seu tratamento.<sup>1<\/sup> <\/p>\n<p>A comunica\u00e7\u00e3o com seu m\u00e9dico \u00e9 uma via de m\u00e3o dupla. Voc\u00ea tem o direito de fazer perguntas e, mais do que isso, de entender as respostas. Em qualquer momento do tratamento, \u00e9 essencial que voc\u00ea compreenda as op\u00e7\u00f5es que est\u00e1 considerando, os benef\u00edcios e os riscos de cada uma. Isso te ajuda a tomar decis\u00f5es mais informadas e a sentir que est\u00e1 no controle do seu pr\u00f3prio caminho.<sup>1<\/sup> <\/p>\n<p>Perguntar n\u00e3o \u00e9 apenas uma maneira de obter informa\u00e7\u00f5es, mas tamb\u00e9m de expressar suas preocupa\u00e7\u00f5es, medos e expectativas. Muitas vezes, a simples certeza de que voc\u00ea pode questionar e ser ouvido(a) j\u00e1 proporciona um grande al\u00edvio emocional.<sup>1<\/sup> <\/p>\n<div style=\"background-color: #ffffff; margin-bottom: 25px;\" >\n<div class=\"row\">\n<div class=\"col-md-4\">\n        <img decoding=\"async\" src=\"https:\/\/saude.novartis.com.br\/cancer-de-mama\/wp-content\/uploads\/sites\/10\/2025\/09\/img-caminho-inicial-direito-de-perguntar-03.jpg\" class=\"img-fluid\">\n    <\/div>\n<div class=\" col-md-7\">\n<div style=\"align-content: center; margin: 5px 10px;\">\n<p style=\"font-size: 1.1em;\"><b>Perguntar: Um Passo para Ser Protagonista<\/b><br \/> Ser protagonista do seu tratamento \u00e9 participar ativamente do processo, fazer perguntas, buscar respostas claras e entender que, embora o c\u00e2ncer seja um desafio, voc\u00ea tem o poder de decidir como lidar com ele. Perguntar ao m\u00e9dico sobre o diagn\u00f3stico, as op\u00e7\u00f5es de tratamento e o que vem a seguir n\u00e3o s\u00f3 amplia seu conhecimento, mas tamb\u00e9m te coloca no centro das decis\u00f5es.<sup>1<\/sup>\n       <\/p>\n<\/p><\/div>\n<\/p><\/div>\n<\/p><\/div>\n<\/div>\n<div style=\"background-color: #d23c8f; padding: 20px 50px; margin-bottom: 25px;\" >\n<div class=\"row\" style=\"align-content: center; margin: 10px; font-size: 1.1em;\">\n<h3 style=\"color:#ffffff;\">Aqui est\u00e3o algumas perguntas essenciais que voc\u00ea pode levar para a sua pr\u00f3xima consulta<sup>1<\/sup>: <\/h3>\n<\/p><\/div>\n<\/div>\n<p style=\"font-size: 1.1em; margin: 25px 10px 50px 25px;\">\n<ol style=\"margin-left: 20px; margin-bottom: 50px;\">\n<li style=\"font-size: 1.1em;\">O que significa meu diagn\u00f3stico? <\/li>\n<li style=\"font-size: 1.1em;\">Quais s\u00e3o as op\u00e7\u00f5es de tratamento para o meu caso? <\/li>\n<li style=\"font-size: 1.1em;\">Quais os poss\u00edveis efeitos colaterais de cada tratamento? <\/li>\n<li style=\"font-size: 1.1em;\">Como posso gerenciar esses efeitos colaterais de maneira eficaz? <\/li>\n<li style=\"font-size: 1.1em;\">Existem outras alternativas que posso explorar? <\/li>\n<li style=\"font-size: 1.1em;\">O que devo observar no meu corpo ao longo do tratamento? <\/li>\n<li style=\"font-size: 1.1em;\">Como vou saber se o tratamento est\u00e1 funcionando? <\/li>\n<\/ol>\n<div style=\"background-color: #54346a; padding: 50px; margin-bottom: 25px;\" >\n<div class=\"row\" style=\"align-content: center; margin: 10px; font-size: 1.1em;\">\n<p style=\"color:#ffffff;\"><b>Fique a vontade para adicionar outras que venham em sua mente.<\/b> <br \/>\n            Essas perguntas n\u00e3o s\u00f3 v\u00e3o te dar clareza sobre o tratamento, mas tamb\u00e9m v\u00e3o fortalecer a rela\u00e7\u00e3o de confian\u00e7a com seu m\u00e9dico, garantindo que voc\u00ea esteja sempre informado(a) e ciente de tudo o que acontece ao longo da jornada de tratamento.<sup>1<\/sup> <\/p>\n<p style=\"color:#ffffff;\"><b>O Que Vem Depois: Entender o Tratamento Faz Parte da Sua Escolha.<\/b> <br \/>\n            O tratamento de c\u00e2ncer \u00e9 complexo, mas voc\u00ea n\u00e3o precisa enfrent\u00e1-lo sozinho(a). O conhecimento \u00e9 seu aliado. Quando voc\u00ea entende o que est\u00e1 acontecendo, tem mais seguran\u00e7a para tomar as r\u00e9deas da sua sa\u00fade. O cuidado de sua sa\u00fade deve ser uma constru\u00e7\u00e3o conjunta entre voc\u00ea e os profissionais que te acompanham.<sup>1<\/sup> <\/p>\n<p style=\"color:#ffffff;\"><b>Perguntar \u00e9 um dos primeiros passos para garantir que voc\u00ea tenha espa\u00e7opara ser ouvido(a)<\/b>, para expressar suas preocupa\u00e7\u00f5es e para fazer escolhas com a confian\u00e7a de que est\u00e1 indo na dire\u00e7\u00e3o certa. A d\u00favida \u00e9 normal, e voc\u00ea tem o direito de perguntar quantas vezes for necess\u00e1rio.<sup>1<\/sup> <\/p>\n<\/p><\/div>\n<\/div>\n<div style=\"background-color: #ffffff;  margin-bottom: 25px;\" >\n<div class=\"row\">\n<div class=\"col-md-5\">\n        <img decoding=\"async\" src=\"https:\/\/saude.novartis.com.br\/cancer-de-mama\/wp-content\/uploads\/sites\/10\/2026\/03\/img-caminho-inicial-direito-de-perguntar-05-f3.png\" class=\"img-fluid\">\n    <\/div>\n<div class=\" col-md-6\">\n<div class=\"col-md-11\">\n<div style=\"align-content: center; margin: 5px 10px;\">\n<p style=\"font-size: 1.1em;\"><b>Voc\u00ea N\u00e3o Est\u00e1 Sozinha Nessa Jornada<\/b><br \/> A comunica\u00e7\u00e3o n\u00e3o se limita ao consult\u00f3rio. Voc\u00ea tem uma rede de apoio ao seu redor, composta por m\u00e9dicos, familiares, amigos e outros pacientes. Estar bem informado(a) e saber que tem o direito de perguntar vai te dar a confian\u00e7a necess\u00e1ria para tomar decis\u00f5es que respeitem quem voc\u00ea \u00e9 e o que voc\u00ea deseja para a sua vida e sa\u00fade.<sup>1<\/sup>\n       <\/p>\n<\/p><\/div>\n<\/p><\/div>\n<\/p><\/div>\n<\/div>\n<div>&nbsp;<\/div>\n<div style=\"background-color: #ffffff;  margin-bottom: 25px;\" >\n<div class=\"row\">\n<div class=\" col-md-2\">\n        <img decoding=\"async\" src=\"https:\/\/saude.novartis.com.br\/cancer-de-mama\/wp-content\/uploads\/sites\/10\/2026\/03\/img-caminho-inicial-direito-de-perguntar-06-f3.png\" style=\"width: 150px; max-width: 250px;\">\n    <\/div>\n<div class=\" col-md-8\">\n<div style=\"align-content: center; margin: 5px 20px;\">\n<p >Estamos aqui para te apoiar, oferecendo conte\u00fados informativos, suporte emocional e uma rede de profissionais de sa\u00fade para te ajudar a caminhar com mais clareza e protagonismo. Perguntar \u00e9 o primeiro passo para ser protagonista da sua pr\u00f3pria hist\u00f3ria.<sup>1<\/sup>\n       <\/p>\n<\/p><\/div>\n<\/p><\/div>\n<\/p><\/div>\n<\/div>\n<p><!-- BOTAO --><\/p>\n<div class=\"row\">\n<div class=\"col-md-3\"><\/div>\n<div class=\"col-md-6\"><a href=\"https:\/\/portal.novartis.com.br\/arquivosdoctor-novartis-downloads\/2025\/kis_cancer-de-mama_meu-caminho_guia-de-consulta.pdf\" target=\"_blank\" rel=\"noopener\"><img decoding=\"async\" src=\"https:\/\/saude.novartis.com.br\/cancer-de-mama\/wp-content\/uploads\/sites\/10\/2025\/09\/img-caminho-inicial-direito-de-perguntar-botao.jpg\" \/><\/a><\/div>\n<div class=\"col-md-3\"><\/div>\n<\/div>\n<p><!-- BOTAO --> <\/p>\n<p><!-- REFERENCIAL ============== --><\/p>\n<hr>\n<p><small><b>Refer\u00eancias:<\/b><\/p>\n<p>1.BREASTCANCER.ORG. Breast Cancer Information and Support. Breastcancer.org,[s.d.]. Dispon\u00edvel em: https:\/\/www.breastcancer.org\/. Acesso em: 23 de setembro de 20252.<br \/>\n2. American Cancer Society. Understanding a Breast Cancer Diagnosis. Dispon\u00edvel em: www.cancer.org. Acesso em: 20 de julho de 2025.<br \/>\n<\/small><\/p>\n<hr>\n<p><small>Material destinado ao p\u00fablico leigo. 2026 \u24d2 Direitos reservados Novartis Bioci\u00eancias S\/A. Proibida a reprodu\u00e7\u00e3o total ou parcial sem a autoriza\u00e7\u00e3o do titular. Produzido em Janeiro\/2026 <\/small><\/p>\n<p>BR-35651<\/p>\n<style>\n.img-fluid{\nmax-width: 100%;\nheight: auto;\n}\n<\/style>\n","protected":false},"excerpt":{"rendered":"<p>O Direito de Perguntar: A Import\u00e2ncia da Comunica\u00e7\u00e3o Ao receber o diagn\u00f3stico de c\u00e2ncer de&#8230;<\/p>\n","protected":false},"author":2,"featured_media":5400,"comment_status":"closed","ping_status":"open","sticky":false,"template":"single-largura-total.php","format":"standard","meta":{"_acf_changed":false,"footnotes":""},"categories":[22],"tags":[],"class_list":["post-5049","post","type-post","status-publish","format-standard","has-post-thumbnail","hentry","category-cancer-de-mama-inicial"],"acf":[],"yoast_head":"<!-- This site is optimized with the Yoast SEO plugin v25.1 - https:\/\/yoast.com\/wordpress\/plugins\/seo\/ -->\n<title>Voc\u00ea Tem Perguntas, e Tudo Bem: Perguntar N\u00e3o \u00c9 Fraqueza, \u00c9 Protagonismo - C\u00e2ncer de Mama<\/title>\n<meta name=\"robots\" content=\"index, follow, max-snippet:-1, max-image-preview:large, max-video-preview:-1\" \/>\n<link rel=\"canonical\" href=\"https:\/\/saude.novartis.com.br\/cancer-de-mama\/voce-tem-perguntas-e-tudo-bem-perguntar-nao-e-fraqueza-e-protagonismo\/\" \/>\n<meta property=\"og:locale\" content=\"pt_BR\" \/>\n<meta property=\"og:type\" content=\"article\" \/>\n<meta property=\"og:title\" content=\"Voc\u00ea Tem Perguntas, e Tudo Bem: Perguntar N\u00e3o \u00c9 Fraqueza, \u00c9 Protagonismo - C\u00e2ncer de Mama\" \/>\n<meta property=\"og:description\" content=\"O Direito de Perguntar: A Import\u00e2ncia da Comunica\u00e7\u00e3o Ao receber o diagn\u00f3stico de c\u00e2ncer de...\" \/>\n<meta property=\"og:url\" content=\"https:\/\/saude.novartis.com.br\/cancer-de-mama\/voce-tem-perguntas-e-tudo-bem-perguntar-nao-e-fraqueza-e-protagonismo\/\" \/>\n<meta property=\"og:site_name\" content=\"C\u00e2ncer de Mama\" \/>\n<meta property=\"article:published_time\" content=\"2026-03-23T13:27:03+00:00\" \/>\n<meta property=\"article:modified_time\" content=\"2026-03-23T16:08:52+00:00\" \/>\n<meta property=\"og:image\" content=\"https:\/\/saude.novartis.com.br\/cancer-de-mama\/wp-content\/uploads\/sites\/10\/2026\/03\/img-caminho-manifesto-topo-f3.jpg\" \/>\n\t<meta property=\"og:image:width\" content=\"1300\" \/>\n\t<meta property=\"og:image:height\" content=\"850\" \/>\n\t<meta property=\"og:image:type\" content=\"image\/jpeg\" \/>\n<meta name=\"author\" content=\"Emerson Archanjo\" \/>\n<meta name=\"twitter:card\" content=\"summary_large_image\" \/>\n<meta name=\"twitter:label1\" content=\"Escrito por\" \/>\n\t<meta name=\"twitter:data1\" content=\"Emerson Archanjo\" \/>\n\t<meta name=\"twitter:label2\" content=\"Est. tempo de leitura\" \/>\n\t<meta name=\"twitter:data2\" content=\"4 minutos\" \/>\n<script type=\"application\/ld+json\" class=\"yoast-schema-graph\">{\"@context\":\"https:\/\/schema.org\",\"@graph\":[{\"@type\":\"Article\",\"@id\":\"https:\/\/saude.novartis.com.br\/cancer-de-mama\/voce-tem-perguntas-e-tudo-bem-perguntar-nao-e-fraqueza-e-protagonismo\/#article\",\"isPartOf\":{\"@id\":\"https:\/\/saude.novartis.com.br\/cancer-de-mama\/voce-tem-perguntas-e-tudo-bem-perguntar-nao-e-fraqueza-e-protagonismo\/\"},\"author\":{\"name\":\"Emerson Archanjo\",\"@id\":\"https:\/\/saude.novartis.com.br\/cancer-de-mama\/#\/schema\/person\/1b318d777ae0f4814fdb68ae4d486b85\"},\"headline\":\"Voc\u00ea Tem Perguntas, e Tudo Bem: Perguntar N\u00e3o \u00c9 Fraqueza, \u00c9 Protagonismo\",\"datePublished\":\"2026-03-23T13:27:03+00:00\",\"dateModified\":\"2026-03-23T16:08:52+00:00\",\"mainEntityOfPage\":{\"@id\":\"https:\/\/saude.novartis.com.br\/cancer-de-mama\/voce-tem-perguntas-e-tudo-bem-perguntar-nao-e-fraqueza-e-protagonismo\/\"},\"wordCount\":740,\"publisher\":{\"@id\":\"https:\/\/saude.novartis.com.br\/cancer-de-mama\/#organization\"},\"image\":{\"@id\":\"https:\/\/saude.novartis.com.br\/cancer-de-mama\/voce-tem-perguntas-e-tudo-bem-perguntar-nao-e-fraqueza-e-protagonismo\/#primaryimage\"},\"thumbnailUrl\":\"https:\/\/saude.novartis.com.br\/cancer-de-mama\/wp-content\/uploads\/sites\/10\/2026\/03\/img-caminho-manifesto-topo-f3.jpg\",\"articleSection\":[\"C\u00e2ncer de Mama Inicial\"],\"inLanguage\":\"pt-BR\"},{\"@type\":\"WebPage\",\"@id\":\"https:\/\/saude.novartis.com.br\/cancer-de-mama\/voce-tem-perguntas-e-tudo-bem-perguntar-nao-e-fraqueza-e-protagonismo\/\",\"url\":\"https:\/\/saude.novartis.com.br\/cancer-de-mama\/voce-tem-perguntas-e-tudo-bem-perguntar-nao-e-fraqueza-e-protagonismo\/\",\"name\":\"Voc\u00ea Tem Perguntas, e Tudo Bem: Perguntar N\u00e3o \u00c9 Fraqueza, \u00c9 Protagonismo - C\u00e2ncer de Mama\",\"isPartOf\":{\"@id\":\"https:\/\/saude.novartis.com.br\/cancer-de-mama\/#website\"},\"primaryImageOfPage\":{\"@id\":\"https:\/\/saude.novartis.com.br\/cancer-de-mama\/voce-tem-perguntas-e-tudo-bem-perguntar-nao-e-fraqueza-e-protagonismo\/#primaryimage\"},\"image\":{\"@id\":\"https:\/\/saude.novartis.com.br\/cancer-de-mama\/voce-tem-perguntas-e-tudo-bem-perguntar-nao-e-fraqueza-e-protagonismo\/#primaryimage\"},\"thumbnailUrl\":\"https:\/\/saude.novartis.com.br\/cancer-de-mama\/wp-content\/uploads\/sites\/10\/2026\/03\/img-caminho-manifesto-topo-f3.jpg\",\"datePublished\":\"2026-03-23T13:27:03+00:00\",\"dateModified\":\"2026-03-23T16:08:52+00:00\",\"breadcrumb\":{\"@id\":\"https:\/\/saude.novartis.com.br\/cancer-de-mama\/voce-tem-perguntas-e-tudo-bem-perguntar-nao-e-fraqueza-e-protagonismo\/#breadcrumb\"},\"inLanguage\":\"pt-BR\",\"potentialAction\":[{\"@type\":\"ReadAction\",\"target\":[\"https:\/\/saude.novartis.com.br\/cancer-de-mama\/voce-tem-perguntas-e-tudo-bem-perguntar-nao-e-fraqueza-e-protagonismo\/\"]}]},{\"@type\":\"ImageObject\",\"inLanguage\":\"pt-BR\",\"@id\":\"https:\/\/saude.novartis.com.br\/cancer-de-mama\/voce-tem-perguntas-e-tudo-bem-perguntar-nao-e-fraqueza-e-protagonismo\/#primaryimage\",\"url\":\"https:\/\/saude.novartis.com.br\/cancer-de-mama\/wp-content\/uploads\/sites\/10\/2026\/03\/img-caminho-manifesto-topo-f3.jpg\",\"contentUrl\":\"https:\/\/saude.novartis.com.br\/cancer-de-mama\/wp-content\/uploads\/sites\/10\/2026\/03\/img-caminho-manifesto-topo-f3.jpg\",\"width\":1300,\"height\":850},{\"@type\":\"BreadcrumbList\",\"@id\":\"https:\/\/saude.novartis.com.br\/cancer-de-mama\/voce-tem-perguntas-e-tudo-bem-perguntar-nao-e-fraqueza-e-protagonismo\/#breadcrumb\",\"itemListElement\":[{\"@type\":\"ListItem\",\"position\":1,\"name\":\"In\u00edcio\",\"item\":\"https:\/\/saude.novartis.com.br\/cancer-de-mama\/\"},{\"@type\":\"ListItem\",\"position\":2,\"name\":\"Voc\u00ea Tem Perguntas, e Tudo Bem: Perguntar N\u00e3o \u00c9 Fraqueza, \u00c9 Protagonismo\"}]},{\"@type\":\"WebSite\",\"@id\":\"https:\/\/saude.novartis.com.br\/cancer-de-mama\/#website\",\"url\":\"https:\/\/saude.novartis.com.br\/cancer-de-mama\/\",\"name\":\"C\u00e2ncer de Mama\",\"description\":\"Saiba exatamente o que \u00e9 C\u00e2ncer de Mama. Conhe\u00e7a seus sintomas, diagn\u00f3sticos e tratamento. Acesse nossos conte\u00fados Novartis e saiba mais. | Novartis\",\"publisher\":{\"@id\":\"https:\/\/saude.novartis.com.br\/cancer-de-mama\/#organization\"},\"potentialAction\":[{\"@type\":\"SearchAction\",\"target\":{\"@type\":\"EntryPoint\",\"urlTemplate\":\"https:\/\/saude.novartis.com.br\/cancer-de-mama\/?s={search_term_string}\"},\"query-input\":{\"@type\":\"PropertyValueSpecification\",\"valueRequired\":true,\"valueName\":\"search_term_string\"}}],\"inLanguage\":\"pt-BR\"},{\"@type\":\"Organization\",\"@id\":\"https:\/\/saude.novartis.com.br\/cancer-de-mama\/#organization\",\"name\":\"Novartis\",\"url\":\"https:\/\/saude.novartis.com.br\/cancer-de-mama\/\",\"logo\":{\"@type\":\"ImageObject\",\"inLanguage\":\"pt-BR\",\"@id\":\"https:\/\/saude.novartis.com.br\/cancer-de-mama\/#\/schema\/logo\/image\/\",\"url\":\"https:\/\/saude.novartis.com.br\/cancer-de-mama\/wp-content\/uploads\/sites\/10\/2025\/09\/logo_meu-caminho-cancer-de-mama1.png\",\"contentUrl\":\"https:\/\/saude.novartis.com.br\/cancer-de-mama\/wp-content\/uploads\/sites\/10\/2025\/09\/logo_meu-caminho-cancer-de-mama1.png\",\"width\":273,\"height\":117,\"caption\":\"Novartis\"},\"image\":{\"@id\":\"https:\/\/saude.novartis.com.br\/cancer-de-mama\/#\/schema\/logo\/image\/\"}},{\"@type\":\"Person\",\"@id\":\"https:\/\/saude.novartis.com.br\/cancer-de-mama\/#\/schema\/person\/1b318d777ae0f4814fdb68ae4d486b85\",\"name\":\"Emerson Archanjo\",\"image\":{\"@type\":\"ImageObject\",\"inLanguage\":\"pt-BR\",\"@id\":\"https:\/\/saude.novartis.com.br\/cancer-de-mama\/#\/schema\/person\/image\/\",\"url\":\"https:\/\/secure.gravatar.com\/avatar\/2455536163c7e046593984ca72822786?s=96&d=mm&r=g\",\"contentUrl\":\"https:\/\/secure.gravatar.com\/avatar\/2455536163c7e046593984ca72822786?s=96&d=mm&r=g\",\"caption\":\"Emerson Archanjo\"},\"url\":\"https:\/\/saude.novartis.com.br\/cancer-de-mama\/author\/caramem1\/\"}]}<\/script>\n<!-- \/ Yoast SEO plugin. -->","yoast_head_json":{"title":"Voc\u00ea Tem Perguntas, e Tudo Bem: Perguntar N\u00e3o \u00c9 Fraqueza, \u00c9 Protagonismo - C\u00e2ncer de Mama","robots":{"index":"index","follow":"follow","max-snippet":"max-snippet:-1","max-image-preview":"max-image-preview:large","max-video-preview":"max-video-preview:-1"},"canonical":"https:\/\/saude.novartis.com.br\/cancer-de-mama\/voce-tem-perguntas-e-tudo-bem-perguntar-nao-e-fraqueza-e-protagonismo\/","og_locale":"pt_BR","og_type":"article","og_title":"Voc\u00ea Tem Perguntas, e Tudo Bem: Perguntar N\u00e3o \u00c9 Fraqueza, \u00c9 Protagonismo - C\u00e2ncer de Mama","og_description":"O Direito de Perguntar: A Import\u00e2ncia da Comunica\u00e7\u00e3o Ao receber o diagn\u00f3stico de c\u00e2ncer de...","og_url":"https:\/\/saude.novartis.com.br\/cancer-de-mama\/voce-tem-perguntas-e-tudo-bem-perguntar-nao-e-fraqueza-e-protagonismo\/","og_site_name":"C\u00e2ncer de Mama","article_published_time":"2026-03-23T13:27:03+00:00","article_modified_time":"2026-03-23T16:08:52+00:00","og_image":[{"width":1300,"height":850,"url":"https:\/\/saude.novartis.com.br\/cancer-de-mama\/wp-content\/uploads\/sites\/10\/2026\/03\/img-caminho-manifesto-topo-f3.jpg","type":"image\/jpeg"}],"author":"Emerson Archanjo","twitter_card":"summary_large_image","twitter_misc":{"Escrito por":"Emerson Archanjo","Est. tempo de leitura":"4 minutos"},"schema":{"@context":"https:\/\/schema.org","@graph":[{"@type":"Article","@id":"https:\/\/saude.novartis.com.br\/cancer-de-mama\/voce-tem-perguntas-e-tudo-bem-perguntar-nao-e-fraqueza-e-protagonismo\/#article","isPartOf":{"@id":"https:\/\/saude.novartis.com.br\/cancer-de-mama\/voce-tem-perguntas-e-tudo-bem-perguntar-nao-e-fraqueza-e-protagonismo\/"},"author":{"name":"Emerson Archanjo","@id":"https:\/\/saude.novartis.com.br\/cancer-de-mama\/#\/schema\/person\/1b318d777ae0f4814fdb68ae4d486b85"},"headline":"Voc\u00ea Tem Perguntas, e Tudo Bem: Perguntar N\u00e3o \u00c9 Fraqueza, \u00c9 Protagonismo","datePublished":"2026-03-23T13:27:03+00:00","dateModified":"2026-03-23T16:08:52+00:00","mainEntityOfPage":{"@id":"https:\/\/saude.novartis.com.br\/cancer-de-mama\/voce-tem-perguntas-e-tudo-bem-perguntar-nao-e-fraqueza-e-protagonismo\/"},"wordCount":740,"publisher":{"@id":"https:\/\/saude.novartis.com.br\/cancer-de-mama\/#organization"},"image":{"@id":"https:\/\/saude.novartis.com.br\/cancer-de-mama\/voce-tem-perguntas-e-tudo-bem-perguntar-nao-e-fraqueza-e-protagonismo\/#primaryimage"},"thumbnailUrl":"https:\/\/saude.novartis.com.br\/cancer-de-mama\/wp-content\/uploads\/sites\/10\/2026\/03\/img-caminho-manifesto-topo-f3.jpg","articleSection":["C\u00e2ncer de Mama Inicial"],"inLanguage":"pt-BR"},{"@type":"WebPage","@id":"https:\/\/saude.novartis.com.br\/cancer-de-mama\/voce-tem-perguntas-e-tudo-bem-perguntar-nao-e-fraqueza-e-protagonismo\/","url":"https:\/\/saude.novartis.com.br\/cancer-de-mama\/voce-tem-perguntas-e-tudo-bem-perguntar-nao-e-fraqueza-e-protagonismo\/","name":"Voc\u00ea Tem Perguntas, e Tudo Bem: Perguntar N\u00e3o \u00c9 Fraqueza, \u00c9 Protagonismo - C\u00e2ncer de Mama","isPartOf":{"@id":"https:\/\/saude.novartis.com.br\/cancer-de-mama\/#website"},"primaryImageOfPage":{"@id":"https:\/\/saude.novartis.com.br\/cancer-de-mama\/voce-tem-perguntas-e-tudo-bem-perguntar-nao-e-fraqueza-e-protagonismo\/#primaryimage"},"image":{"@id":"https:\/\/saude.novartis.com.br\/cancer-de-mama\/voce-tem-perguntas-e-tudo-bem-perguntar-nao-e-fraqueza-e-protagonismo\/#primaryimage"},"thumbnailUrl":"https:\/\/saude.novartis.com.br\/cancer-de-mama\/wp-content\/uploads\/sites\/10\/2026\/03\/img-caminho-manifesto-topo-f3.jpg","datePublished":"2026-03-23T13:27:03+00:00","dateModified":"2026-03-23T16:08:52+00:00","breadcrumb":{"@id":"https:\/\/saude.novartis.com.br\/cancer-de-mama\/voce-tem-perguntas-e-tudo-bem-perguntar-nao-e-fraqueza-e-protagonismo\/#breadcrumb"},"inLanguage":"pt-BR","potentialAction":[{"@type":"ReadAction","target":["https:\/\/saude.novartis.com.br\/cancer-de-mama\/voce-tem-perguntas-e-tudo-bem-perguntar-nao-e-fraqueza-e-protagonismo\/"]}]},{"@type":"ImageObject","inLanguage":"pt-BR","@id":"https:\/\/saude.novartis.com.br\/cancer-de-mama\/voce-tem-perguntas-e-tudo-bem-perguntar-nao-e-fraqueza-e-protagonismo\/#primaryimage","url":"https:\/\/saude.novartis.com.br\/cancer-de-mama\/wp-content\/uploads\/sites\/10\/2026\/03\/img-caminho-manifesto-topo-f3.jpg","contentUrl":"https:\/\/saude.novartis.com.br\/cancer-de-mama\/wp-content\/uploads\/sites\/10\/2026\/03\/img-caminho-manifesto-topo-f3.jpg","width":1300,"height":850},{"@type":"BreadcrumbList","@id":"https:\/\/saude.novartis.com.br\/cancer-de-mama\/voce-tem-perguntas-e-tudo-bem-perguntar-nao-e-fraqueza-e-protagonismo\/#breadcrumb","itemListElement":[{"@type":"ListItem","position":1,"name":"In\u00edcio","item":"https:\/\/saude.novartis.com.br\/cancer-de-mama\/"},{"@type":"ListItem","position":2,"name":"Voc\u00ea Tem Perguntas, e Tudo Bem: Perguntar N\u00e3o \u00c9 Fraqueza, \u00c9 Protagonismo"}]},{"@type":"WebSite","@id":"https:\/\/saude.novartis.com.br\/cancer-de-mama\/#website","url":"https:\/\/saude.novartis.com.br\/cancer-de-mama\/","name":"C\u00e2ncer de Mama","description":"Saiba exatamente o que \u00e9 C\u00e2ncer de Mama. Conhe\u00e7a seus sintomas, diagn\u00f3sticos e tratamento. Acesse nossos conte\u00fados Novartis e saiba mais. | Novartis","publisher":{"@id":"https:\/\/saude.novartis.com.br\/cancer-de-mama\/#organization"},"potentialAction":[{"@type":"SearchAction","target":{"@type":"EntryPoint","urlTemplate":"https:\/\/saude.novartis.com.br\/cancer-de-mama\/?s={search_term_string}"},"query-input":{"@type":"PropertyValueSpecification","valueRequired":true,"valueName":"search_term_string"}}],"inLanguage":"pt-BR"},{"@type":"Organization","@id":"https:\/\/saude.novartis.com.br\/cancer-de-mama\/#organization","name":"Novartis","url":"https:\/\/saude.novartis.com.br\/cancer-de-mama\/","logo":{"@type":"ImageObject","inLanguage":"pt-BR","@id":"https:\/\/saude.novartis.com.br\/cancer-de-mama\/#\/schema\/logo\/image\/","url":"https:\/\/saude.novartis.com.br\/cancer-de-mama\/wp-content\/uploads\/sites\/10\/2025\/09\/logo_meu-caminho-cancer-de-mama1.png","contentUrl":"https:\/\/saude.novartis.com.br\/cancer-de-mama\/wp-content\/uploads\/sites\/10\/2025\/09\/logo_meu-caminho-cancer-de-mama1.png","width":273,"height":117,"caption":"Novartis"},"image":{"@id":"https:\/\/saude.novartis.com.br\/cancer-de-mama\/#\/schema\/logo\/image\/"}},{"@type":"Person","@id":"https:\/\/saude.novartis.com.br\/cancer-de-mama\/#\/schema\/person\/1b318d777ae0f4814fdb68ae4d486b85","name":"Emerson Archanjo","image":{"@type":"ImageObject","inLanguage":"pt-BR","@id":"https:\/\/saude.novartis.com.br\/cancer-de-mama\/#\/schema\/person\/image\/","url":"https:\/\/secure.gravatar.com\/avatar\/2455536163c7e046593984ca72822786?s=96&d=mm&r=g","contentUrl":"https:\/\/secure.gravatar.com\/avatar\/2455536163c7e046593984ca72822786?s=96&d=mm&r=g","caption":"Emerson Archanjo"},"url":"https:\/\/saude.novartis.com.br\/cancer-de-mama\/author\/caramem1\/"}]}},"_links":{"self":[{"href":"https:\/\/saude.novartis.com.br\/cancer-de-mama\/wp-json\/wp\/v2\/posts\/5049"}],"collection":[{"href":"https:\/\/saude.novartis.com.br\/cancer-de-mama\/wp-json\/wp\/v2\/posts"}],"about":[{"href":"https:\/\/saude.novartis.com.br\/cancer-de-mama\/wp-json\/wp\/v2\/types\/post"}],"author":[{"embeddable":true,"href":"https:\/\/saude.novartis.com.br\/cancer-de-mama\/wp-json\/wp\/v2\/users\/2"}],"replies":[{"embeddable":true,"href":"https:\/\/saude.novartis.com.br\/cancer-de-mama\/wp-json\/wp\/v2\/comments?post=5049"}],"version-history":[{"count":20,"href":"https:\/\/saude.novartis.com.br\/cancer-de-mama\/wp-json\/wp\/v2\/posts\/5049\/revisions"}],"predecessor-version":[{"id":5405,"href":"https:\/\/saude.novartis.com.br\/cancer-de-mama\/wp-json\/wp\/v2\/posts\/5049\/revisions\/5405"}],"wp:featuredmedia":[{"embeddable":true,"href":"https:\/\/saude.novartis.com.br\/cancer-de-mama\/wp-json\/wp\/v2\/media\/5400"}],"wp:attachment":[{"href":"https:\/\/saude.novartis.com.br\/cancer-de-mama\/wp-json\/wp\/v2\/media?parent=5049"}],"wp:term":[{"taxonomy":"category","embeddable":true,"href":"https:\/\/saude.novartis.com.br\/cancer-de-mama\/wp-json\/wp\/v2\/categories?post=5049"},{"taxonomy":"post_tag","embeddable":true,"href":"https:\/\/saude.novartis.com.br\/cancer-de-mama\/wp-json\/wp\/v2\/tags?post=5049"}],"curies":[{"name":"wp","href":"https:\/\/api.w.org\/{rel}","templated":true}]}}