{"id":4995,"date":"2025-09-29T09:58:57","date_gmt":"2025-09-29T12:58:57","guid":{"rendered":"https:\/\/saude.novartis.com.br\/cancer-de-mama\/?p=4995"},"modified":"2026-03-09T15:07:30","modified_gmt":"2026-03-09T18:07:30","slug":"quando-tudo-muda-voce-continua-sendo-voce","status":"publish","type":"post","link":"https:\/\/saude.novartis.com.br\/cancer-de-mama\/quando-tudo-muda-voce-continua-sendo-voce\/","title":{"rendered":"Quando Tudo Muda: Voc\u00ea Continua Sendo Voc\u00ea"},"content":{"rendered":"<h3>O Impacto do Diagn\u00f3stico: Quando O Mundo Parece Parar<\/h3>\n<p>Receber o diagn\u00f3stico de c\u00e2ncer de mama pode ser um dos momentos mais dif\u00edceis da vida de qualquer mulher. A sensa\u00e7\u00e3o de que o mundo parou, o medo do desconhecido e a d\u00favida sobre o futuro podem ser esmagadores. <b>Mas o mais importante a saber \u00e9 que voc\u00ea n\u00e3o est\u00e1 s\u00f3<\/b>, e, mesmo com as mudan\u00e7as que o c\u00e2ncer traz, <b>voc\u00ea continua sendo voc\u00ea<\/b>.<sup>1<\/sup><\/p>\n<p>O diagn\u00f3stico pode parecer um momento em que <b>tudo muda<\/b> de repente. Aquele instante em que a vida, como voc\u00ea conhecia, \u00e9 interrompida por uma not\u00edcia que desestabiliza. O que voc\u00ea sentiu naquele momento foi completamente v\u00e1lido \u2014 medo, confus\u00e3o, ang\u00fastia. Mas \u00e9 importante entender que essas rea\u00e7\u00f5es s\u00e3o naturais e que voc\u00ea tem o direito de viv\u00ea-las. No entanto, o diagn\u00f3stico n\u00e3o apaga tudo o que voc\u00ea \u00e9 e muito menos quem voc\u00ea se tornar\u00e1.<sup>1<\/sup><\/p>\n<div style=\"background-color: #ffffff;  margin-bottom: 25px;\" >\n<div class=\"row\">\n<div class=\"col-md-4\">\n        <img decoding=\"async\" src=\"https:\/\/saude.novartis.com.br\/cancer-de-mama\/wp-content\/uploads\/sites\/10\/2025\/09\/img-caminho-inicial-quando-tudo-muda-03.jpg\"  class=\"img-fluid\">\n    <\/div>\n<div class=\" col-md-7\">\n<div style=\"align-content: center; margin: 5px 10px;\">\n<p style=\"font-size: 1.1em;\"><b>Seu c\u00e2ncer n\u00e3o define sua identidade.<\/b> Ele faz parte de uma jornada que voc\u00ea, como <b>protagonista<\/b>, pode moldar com <b>informa\u00e7\u00e3o e escolhas<\/b> conscientes. Sim, o caminho \u00e9 desafiador, mas ao <b>entender o que est\u00e1 acontecendo no seu corpo<\/b>, voc\u00ea come\u00e7a a retomar o controle sobre as decis\u00f5es que tomar\u00e1 daqui para frente.<sup>1<\/sup>\n       <\/p>\n<\/p><\/div>\n<\/p><\/div>\n<\/p><\/div>\n<\/div>\n<div style=\"background-color: #ffffff;  margin-bottom: 25px;\" >\n<div class=\"row\">\n<div class=\" col-md-6\">\n<div style=\"align-content: center; margin: 5px 10px;\">\n<p style=\"font-size: 1.1em;\"><b>A Import\u00e2ncia de Conhecer Seu Diagn\u00f3stico<\/b><br \/>\n           O conhecimento \u00e9 uma das melhores ferramentas para lidar com o c\u00e2ncer. Quanto mais voc\u00ea entender o seu diagn\u00f3stico e o tratamento que se segue, <b>mais segura voc\u00ea se sentir\u00e1<\/b> para tomar decis\u00f5es que respeitem o que \u00e9 importante para voc\u00ea. Saber mais sobre o tipo de c\u00e2ncer, o est\u00e1gio e as op\u00e7\u00f5es de tratamento te prepara para <b>participar ativamente do seu tratamento<\/b>, sem se sentir \u00e0 merc\u00ea de tudo o que est\u00e1 acontecendo.<sup>1<\/sup>\n       <\/p>\n<\/p><\/div>\n<\/p><\/div>\n<div class=\" col-md-5\">\n        <img decoding=\"async\" src=\"https:\/\/saude.novartis.com.br\/cancer-de-mama\/wp-content\/uploads\/sites\/10\/2025\/09\/img-caminho-inicial-quando-tudo-muda-04.jpg\" class=\"img-fluid\">\n    <\/div>\n<\/p><\/div>\n<\/div>\n<div style=\"background-color: #54346a; padding: 20px 50px; margin-bottom: 25px;\" >\n<div class=\"row\" style=\"align-content: center; margin: 10px; font-size: 1.1em;\">\n<p style=\"color:#ffffff;\"><b>Lembre-se: conhecer seu diagn\u00f3stico<\/b> n\u00e3o \u00e9 apenas uma forma de entender o que est\u00e1 acontecendo com seu corpo, mas tamb\u00e9m uma forma de se proteger. Quando voc\u00ea entende a doen\u00e7a, pode <b>fazer perguntas ao seu m\u00e9dico, escolher as op\u00e7\u00f5es que fazem mais sentido para sua vida e ter mais clareza sobre os pr\u00f3ximos passos<\/b>. N\u00e3o tenha medo de questionar, <b>a informa\u00e7\u00e3o \u00e9 uma forma de cuidado<\/b>.<sup>1<\/sup> <\/b><\/p>\n<\/p><\/div>\n<\/div>\n<div style=\"background-color: #ffffff; margin-bottom: 25px;\" >\n<div class=\"row\">\n    <!--\n\n<div class=\"col-md-5\">\n        <img decoding=\"async\" src=\"https:\/\/saude.novartis.com.br\/cancer-de-mama\/wp-content\/uploads\/sites\/10\/2025\/09\/img-caminho-inicial-quando-tudo-muda-05.jpg\" class=\"img-fluid\">\n    <\/div>\n\n         \n    \n\n<div class=\" col-md-6\">--><\/p>\n<div class=\"col-md-11\">\n<div style=\"align-content: center; margin: 5px 10px;\">\n<p style=\"font-size: 1.1em;\"><b>Conversar com Seu M\u00e9dico: O Papel da Comunica\u00e7\u00e3o <\/b><br \/>\n           Falar com seu m\u00e9dico \u00e9 uma das partes mais importantes do seu tratamento. Ter uma conversa aberta e honesta vai <b>fortalecer o v\u00ednculo<\/b> entre voc\u00ea e a equipe m\u00e9dica, al\u00e9m de garantir que as suas necessidades e preocupa\u00e7\u00f5es sejam ouvidas e levadas em conta.<sup>1<\/sup><\/p>\n<p style=\"font-size: 1.1em;\">\u00c9 importante que voc\u00ea sinta que tem o <b>direito de perguntar<\/b>, de expressar seus medos e d\u00favidas, e de entender as escolhas que est\u00e3o sendo feitas em seu nome. O <b>di\u00e1logo constante<\/b> com seu m\u00e9dico e com outros profissionais de sa\u00fade, como psic\u00f3logos e nutricionistas, vai te ajudar a <b>navegar<\/b> por essa jornada com <b>mais confian\u00e7a e clareza<\/b>.<sup>1<\/sup>\n       <\/p>\n<\/p><\/div>\n<\/p><\/div>\n<div class=\"col-md-1\"> <\/div>\n<\/p><\/div>\n<\/div>\n<p><b>Voc\u00ea Continua Sendo Protagonista da Sua Hist\u00f3ria<\/b><br \/>\nMais do que nunca, este \u00e9 o momento de ser protagonista da sua hist\u00f3ria. Voc\u00ea n\u00e3o \u00e9 apenas um paciente que segue um protocolo. Voc\u00ea \u00e9 algu\u00e9m com voz, com escolhas, com um caminho a trilhar, e \u00e9 atrav\u00e9s dessas escolhas que voc\u00ea pode transformar o tratamento em algo mais alinhado \u00e0 sua vida, \u00e0 sua personalidade e aos seus valores.<sup>1<\/sup><\/p>\n<p>Quando voc\u00ea escolhe estar informado, voc\u00ea assume a responsabilidade por sua sa\u00fade e bem-estar. O tratamento n\u00e3o precisa ser uma experi\u00eancia passiva, onde voc\u00ea apenas segue as orienta\u00e7\u00f5es. Ele pode ser uma jornada ativa, onde voc\u00ea participa das decis\u00f5es, entende as op\u00e7\u00f5es dispon\u00edveis e caminha lado a lado com os profissionais de sa\u00fade.<sup>1<\/sup><\/p>\n<div style=\"background-color: #d23c8f; padding: 20px 50px; margin-bottom: 25px;\" >\n<div class=\"row\" style=\"align-content: center; margin: 10px; font-size: 1.1em;\">\n<p style=\"color:#ffffff;\"><b>Voc\u00ea N\u00e3o Est\u00e1 Sozinha<\/b> <br \/>\n            \u00c9 essencial que, ao longo dessa jornada, voc\u00ea saiba que <b>n\u00e3o est\u00e1 s\u00f3<\/b>. Ao seu redor, h\u00e1 uma rede de apoio formada por m\u00e9dicos, enfermeiros, familiares, amigos e outros pacientes que tamb\u00e9m est\u00e3o enfrentando desafios semelhantes. <b>A chave para seguir com dignidade, respeito e bem-estar \u00e9 saber que a jornada \u00e9 sua, mas voc\u00ea pode contar com o apoio que escolher ter ao seu lado<\/b>.<sup>1<\/sup> <\/b><\/p>\n<\/p><\/div>\n<\/div>\n<div style=\"background-color: #ffffff;  margin-bottom: 25px;\" >\n<div class=\"row\">\n<div class=\" col-md-2\">\n        <img decoding=\"async\" src=\"https:\/\/saude.novartis.com.br\/cancer-de-mama\/wp-content\/uploads\/sites\/10\/2025\/09\/img-caminho-inicial-quando-tudo-muda-06.jpg\" style=\"width: 150px; max-width: 250px;\">\n    <\/div>\n<div class=\" col-md-8\">\n<div style=\"align-content: center; margin: 5px 20px;\">\n<p >Este espa\u00e7o foi pensado para <b>te apoiar nesse processo. A informa\u00e7\u00e3o \u00e9 sua aliada<\/b>, e voc\u00ea tem a liberdade de acessar conte\u00fados, fazer perguntas, escolher com confian\u00e7a e seguir sua jornada de forma mais leve e consciente. N\u00e3o importa o que o futuro reserve, <b>o mais importante \u00e9 que voc\u00ea est\u00e1 dando os primeiros passos em dire\u00e7\u00e3o a um tratamento mais informado e, com isso, mais respeitoso com quem voc\u00ea \u00e9<\/b>.<sup>1<\/sup>\n       <\/p>\n<\/p><\/div>\n<\/p><\/div>\n<\/p><\/div>\n<\/div>\n<p><!-- BOTAO --><\/p>\n<div class=\"row\">\n<div class=\"col-md-3\"><\/div>\n<div class=\"col-md-6\"><a href=\"https:\/\/portal.novartis.com.br\/arquivosdoctor-novartis-downloads\/2025\/kis_cancer-de-mama_meu-caminho_guia-de-consulta.pdf\" target=\"_blank\" rel=\"noopener\"><img decoding=\"async\" src=\"https:\/\/saude.novartis.com.br\/cancer-de-mama\/wp-content\/uploads\/sites\/10\/2025\/09\/img-caminho-inicial-direito-de-perguntar-botao.jpg\" \/><\/a><\/div>\n<div class=\"col-md-3\"><\/div>\n<\/div>\n<p><!-- BOTAO --> <\/p>\n<p><!-- REFERENCIAL ============== --><\/p>\n<hr>\n<p><small><b>Refer\u00eancias:<\/b><\/p>\n<p>1. American Cancer Society. &#8220;Talking with Your Doctor.&#8221; Dispon\u00edvel em: https:\/\/www.cancer.org. Acesso em: julho de 2025.<br \/>\n<\/small><\/p>\n<hr>\n<p><small>Material destinado ao p\u00fablico leigo. 2025 \u24d2 Direitos reservados Novartis Bioci\u00eancias S\/A. Proibida a reprodu\u00e7\u00e3o total ou parcial sem a autoriza\u00e7\u00e3o do titular. Produzido em Agosto\/2025 <\/small><\/p>\n<p>BR-35649<\/p>\n<style>\n.img-fluid{\nmax-width: 100%;\nheight: auto;\n}\n<\/style>\n","protected":false},"excerpt":{"rendered":"<p>O Impacto do Diagn\u00f3stico: Quando O Mundo Parece Parar Receber o diagn\u00f3stico de c\u00e2ncer de&#8230;<\/p>\n","protected":false},"author":2,"featured_media":5272,"comment_status":"closed","ping_status":"open","sticky":false,"template":"single-largura-total.php","format":"standard","meta":{"_acf_changed":false,"footnotes":""},"categories":[22],"tags":[],"class_list":["post-4995","post","type-post","status-publish","format-standard","has-post-thumbnail","hentry","category-cancer-de-mama-inicial"],"acf":[],"yoast_head":"<!-- This site is optimized with the Yoast SEO plugin v25.1 - https:\/\/yoast.com\/wordpress\/plugins\/seo\/ -->\n<title>Quando Tudo Muda: Voc\u00ea Continua Sendo Voc\u00ea - C\u00e2ncer de Mama<\/title>\n<meta name=\"robots\" content=\"index, follow, max-snippet:-1, max-image-preview:large, max-video-preview:-1\" \/>\n<link rel=\"canonical\" href=\"https:\/\/saude.novartis.com.br\/cancer-de-mama\/quando-tudo-muda-voce-continua-sendo-voce\/\" \/>\n<meta property=\"og:locale\" content=\"pt_BR\" \/>\n<meta property=\"og:type\" content=\"article\" \/>\n<meta property=\"og:title\" content=\"Quando Tudo Muda: Voc\u00ea Continua Sendo Voc\u00ea - C\u00e2ncer de Mama\" \/>\n<meta property=\"og:description\" content=\"O Impacto do Diagn\u00f3stico: Quando O Mundo Parece Parar Receber o diagn\u00f3stico de c\u00e2ncer de...\" \/>\n<meta property=\"og:url\" content=\"https:\/\/saude.novartis.com.br\/cancer-de-mama\/quando-tudo-muda-voce-continua-sendo-voce\/\" \/>\n<meta property=\"og:site_name\" content=\"C\u00e2ncer de Mama\" \/>\n<meta property=\"article:published_time\" content=\"2025-09-29T12:58:57+00:00\" \/>\n<meta property=\"article:modified_time\" content=\"2026-03-09T18:07:30+00:00\" \/>\n<meta property=\"og:image\" content=\"https:\/\/saude.novartis.com.br\/cancer-de-mama\/wp-content\/uploads\/sites\/10\/2026\/01\/img-caminho-manifesto-topo-cont01.png\" \/>\n\t<meta property=\"og:image:width\" content=\"1300\" \/>\n\t<meta property=\"og:image:height\" content=\"850\" \/>\n\t<meta property=\"og:image:type\" content=\"image\/png\" \/>\n<meta name=\"author\" content=\"Emerson Archanjo\" \/>\n<meta name=\"twitter:card\" content=\"summary_large_image\" \/>\n<meta name=\"twitter:label1\" content=\"Escrito por\" \/>\n\t<meta name=\"twitter:data1\" content=\"Emerson Archanjo\" \/>\n\t<meta name=\"twitter:label2\" content=\"Est. tempo de leitura\" \/>\n\t<meta name=\"twitter:data2\" content=\"4 minutos\" \/>\n<script type=\"application\/ld+json\" class=\"yoast-schema-graph\">{\"@context\":\"https:\/\/schema.org\",\"@graph\":[{\"@type\":\"Article\",\"@id\":\"https:\/\/saude.novartis.com.br\/cancer-de-mama\/quando-tudo-muda-voce-continua-sendo-voce\/#article\",\"isPartOf\":{\"@id\":\"https:\/\/saude.novartis.com.br\/cancer-de-mama\/quando-tudo-muda-voce-continua-sendo-voce\/\"},\"author\":{\"name\":\"Emerson Archanjo\",\"@id\":\"https:\/\/saude.novartis.com.br\/cancer-de-mama\/#\/schema\/person\/1b318d777ae0f4814fdb68ae4d486b85\"},\"headline\":\"Quando Tudo Muda: Voc\u00ea Continua Sendo Voc\u00ea\",\"datePublished\":\"2025-09-29T12:58:57+00:00\",\"dateModified\":\"2026-03-09T18:07:30+00:00\",\"mainEntityOfPage\":{\"@id\":\"https:\/\/saude.novartis.com.br\/cancer-de-mama\/quando-tudo-muda-voce-continua-sendo-voce\/\"},\"wordCount\":829,\"publisher\":{\"@id\":\"https:\/\/saude.novartis.com.br\/cancer-de-mama\/#organization\"},\"image\":{\"@id\":\"https:\/\/saude.novartis.com.br\/cancer-de-mama\/quando-tudo-muda-voce-continua-sendo-voce\/#primaryimage\"},\"thumbnailUrl\":\"https:\/\/saude.novartis.com.br\/cancer-de-mama\/wp-content\/uploads\/sites\/10\/2026\/01\/img-caminho-manifesto-topo-cont01.png\",\"articleSection\":[\"C\u00e2ncer de Mama Inicial\"],\"inLanguage\":\"pt-BR\"},{\"@type\":\"WebPage\",\"@id\":\"https:\/\/saude.novartis.com.br\/cancer-de-mama\/quando-tudo-muda-voce-continua-sendo-voce\/\",\"url\":\"https:\/\/saude.novartis.com.br\/cancer-de-mama\/quando-tudo-muda-voce-continua-sendo-voce\/\",\"name\":\"Quando Tudo Muda: Voc\u00ea Continua Sendo Voc\u00ea - C\u00e2ncer de Mama\",\"isPartOf\":{\"@id\":\"https:\/\/saude.novartis.com.br\/cancer-de-mama\/#website\"},\"primaryImageOfPage\":{\"@id\":\"https:\/\/saude.novartis.com.br\/cancer-de-mama\/quando-tudo-muda-voce-continua-sendo-voce\/#primaryimage\"},\"image\":{\"@id\":\"https:\/\/saude.novartis.com.br\/cancer-de-mama\/quando-tudo-muda-voce-continua-sendo-voce\/#primaryimage\"},\"thumbnailUrl\":\"https:\/\/saude.novartis.com.br\/cancer-de-mama\/wp-content\/uploads\/sites\/10\/2026\/01\/img-caminho-manifesto-topo-cont01.png\",\"datePublished\":\"2025-09-29T12:58:57+00:00\",\"dateModified\":\"2026-03-09T18:07:30+00:00\",\"breadcrumb\":{\"@id\":\"https:\/\/saude.novartis.com.br\/cancer-de-mama\/quando-tudo-muda-voce-continua-sendo-voce\/#breadcrumb\"},\"inLanguage\":\"pt-BR\",\"potentialAction\":[{\"@type\":\"ReadAction\",\"target\":[\"https:\/\/saude.novartis.com.br\/cancer-de-mama\/quando-tudo-muda-voce-continua-sendo-voce\/\"]}]},{\"@type\":\"ImageObject\",\"inLanguage\":\"pt-BR\",\"@id\":\"https:\/\/saude.novartis.com.br\/cancer-de-mama\/quando-tudo-muda-voce-continua-sendo-voce\/#primaryimage\",\"url\":\"https:\/\/saude.novartis.com.br\/cancer-de-mama\/wp-content\/uploads\/sites\/10\/2026\/01\/img-caminho-manifesto-topo-cont01.png\",\"contentUrl\":\"https:\/\/saude.novartis.com.br\/cancer-de-mama\/wp-content\/uploads\/sites\/10\/2026\/01\/img-caminho-manifesto-topo-cont01.png\",\"width\":1300,\"height\":850},{\"@type\":\"BreadcrumbList\",\"@id\":\"https:\/\/saude.novartis.com.br\/cancer-de-mama\/quando-tudo-muda-voce-continua-sendo-voce\/#breadcrumb\",\"itemListElement\":[{\"@type\":\"ListItem\",\"position\":1,\"name\":\"In\u00edcio\",\"item\":\"https:\/\/saude.novartis.com.br\/cancer-de-mama\/\"},{\"@type\":\"ListItem\",\"position\":2,\"name\":\"Quando Tudo Muda: Voc\u00ea Continua Sendo Voc\u00ea\"}]},{\"@type\":\"WebSite\",\"@id\":\"https:\/\/saude.novartis.com.br\/cancer-de-mama\/#website\",\"url\":\"https:\/\/saude.novartis.com.br\/cancer-de-mama\/\",\"name\":\"C\u00e2ncer de Mama\",\"description\":\"Saiba exatamente o que \u00e9 C\u00e2ncer de Mama. Conhe\u00e7a seus sintomas, diagn\u00f3sticos e tratamento. Acesse nossos conte\u00fados Novartis e saiba mais. | Novartis\",\"publisher\":{\"@id\":\"https:\/\/saude.novartis.com.br\/cancer-de-mama\/#organization\"},\"potentialAction\":[{\"@type\":\"SearchAction\",\"target\":{\"@type\":\"EntryPoint\",\"urlTemplate\":\"https:\/\/saude.novartis.com.br\/cancer-de-mama\/?s={search_term_string}\"},\"query-input\":{\"@type\":\"PropertyValueSpecification\",\"valueRequired\":true,\"valueName\":\"search_term_string\"}}],\"inLanguage\":\"pt-BR\"},{\"@type\":\"Organization\",\"@id\":\"https:\/\/saude.novartis.com.br\/cancer-de-mama\/#organization\",\"name\":\"Novartis\",\"url\":\"https:\/\/saude.novartis.com.br\/cancer-de-mama\/\",\"logo\":{\"@type\":\"ImageObject\",\"inLanguage\":\"pt-BR\",\"@id\":\"https:\/\/saude.novartis.com.br\/cancer-de-mama\/#\/schema\/logo\/image\/\",\"url\":\"https:\/\/saude.novartis.com.br\/cancer-de-mama\/wp-content\/uploads\/sites\/10\/2025\/09\/logo_meu-caminho-cancer-de-mama1.png\",\"contentUrl\":\"https:\/\/saude.novartis.com.br\/cancer-de-mama\/wp-content\/uploads\/sites\/10\/2025\/09\/logo_meu-caminho-cancer-de-mama1.png\",\"width\":273,\"height\":117,\"caption\":\"Novartis\"},\"image\":{\"@id\":\"https:\/\/saude.novartis.com.br\/cancer-de-mama\/#\/schema\/logo\/image\/\"}},{\"@type\":\"Person\",\"@id\":\"https:\/\/saude.novartis.com.br\/cancer-de-mama\/#\/schema\/person\/1b318d777ae0f4814fdb68ae4d486b85\",\"name\":\"Emerson Archanjo\",\"image\":{\"@type\":\"ImageObject\",\"inLanguage\":\"pt-BR\",\"@id\":\"https:\/\/saude.novartis.com.br\/cancer-de-mama\/#\/schema\/person\/image\/\",\"url\":\"https:\/\/secure.gravatar.com\/avatar\/2455536163c7e046593984ca72822786?s=96&d=mm&r=g\",\"contentUrl\":\"https:\/\/secure.gravatar.com\/avatar\/2455536163c7e046593984ca72822786?s=96&d=mm&r=g\",\"caption\":\"Emerson Archanjo\"},\"url\":\"https:\/\/saude.novartis.com.br\/cancer-de-mama\/author\/caramem1\/\"}]}<\/script>\n<!-- \/ Yoast SEO plugin. -->","yoast_head_json":{"title":"Quando Tudo Muda: Voc\u00ea Continua Sendo Voc\u00ea - C\u00e2ncer de Mama","robots":{"index":"index","follow":"follow","max-snippet":"max-snippet:-1","max-image-preview":"max-image-preview:large","max-video-preview":"max-video-preview:-1"},"canonical":"https:\/\/saude.novartis.com.br\/cancer-de-mama\/quando-tudo-muda-voce-continua-sendo-voce\/","og_locale":"pt_BR","og_type":"article","og_title":"Quando Tudo Muda: Voc\u00ea Continua Sendo Voc\u00ea - C\u00e2ncer de Mama","og_description":"O Impacto do Diagn\u00f3stico: Quando O Mundo Parece Parar Receber o diagn\u00f3stico de c\u00e2ncer de...","og_url":"https:\/\/saude.novartis.com.br\/cancer-de-mama\/quando-tudo-muda-voce-continua-sendo-voce\/","og_site_name":"C\u00e2ncer de Mama","article_published_time":"2025-09-29T12:58:57+00:00","article_modified_time":"2026-03-09T18:07:30+00:00","og_image":[{"width":1300,"height":850,"url":"https:\/\/saude.novartis.com.br\/cancer-de-mama\/wp-content\/uploads\/sites\/10\/2026\/01\/img-caminho-manifesto-topo-cont01.png","type":"image\/png"}],"author":"Emerson Archanjo","twitter_card":"summary_large_image","twitter_misc":{"Escrito por":"Emerson Archanjo","Est. tempo de leitura":"4 minutos"},"schema":{"@context":"https:\/\/schema.org","@graph":[{"@type":"Article","@id":"https:\/\/saude.novartis.com.br\/cancer-de-mama\/quando-tudo-muda-voce-continua-sendo-voce\/#article","isPartOf":{"@id":"https:\/\/saude.novartis.com.br\/cancer-de-mama\/quando-tudo-muda-voce-continua-sendo-voce\/"},"author":{"name":"Emerson Archanjo","@id":"https:\/\/saude.novartis.com.br\/cancer-de-mama\/#\/schema\/person\/1b318d777ae0f4814fdb68ae4d486b85"},"headline":"Quando Tudo Muda: Voc\u00ea Continua Sendo Voc\u00ea","datePublished":"2025-09-29T12:58:57+00:00","dateModified":"2026-03-09T18:07:30+00:00","mainEntityOfPage":{"@id":"https:\/\/saude.novartis.com.br\/cancer-de-mama\/quando-tudo-muda-voce-continua-sendo-voce\/"},"wordCount":829,"publisher":{"@id":"https:\/\/saude.novartis.com.br\/cancer-de-mama\/#organization"},"image":{"@id":"https:\/\/saude.novartis.com.br\/cancer-de-mama\/quando-tudo-muda-voce-continua-sendo-voce\/#primaryimage"},"thumbnailUrl":"https:\/\/saude.novartis.com.br\/cancer-de-mama\/wp-content\/uploads\/sites\/10\/2026\/01\/img-caminho-manifesto-topo-cont01.png","articleSection":["C\u00e2ncer de Mama Inicial"],"inLanguage":"pt-BR"},{"@type":"WebPage","@id":"https:\/\/saude.novartis.com.br\/cancer-de-mama\/quando-tudo-muda-voce-continua-sendo-voce\/","url":"https:\/\/saude.novartis.com.br\/cancer-de-mama\/quando-tudo-muda-voce-continua-sendo-voce\/","name":"Quando Tudo Muda: Voc\u00ea Continua Sendo Voc\u00ea - C\u00e2ncer de Mama","isPartOf":{"@id":"https:\/\/saude.novartis.com.br\/cancer-de-mama\/#website"},"primaryImageOfPage":{"@id":"https:\/\/saude.novartis.com.br\/cancer-de-mama\/quando-tudo-muda-voce-continua-sendo-voce\/#primaryimage"},"image":{"@id":"https:\/\/saude.novartis.com.br\/cancer-de-mama\/quando-tudo-muda-voce-continua-sendo-voce\/#primaryimage"},"thumbnailUrl":"https:\/\/saude.novartis.com.br\/cancer-de-mama\/wp-content\/uploads\/sites\/10\/2026\/01\/img-caminho-manifesto-topo-cont01.png","datePublished":"2025-09-29T12:58:57+00:00","dateModified":"2026-03-09T18:07:30+00:00","breadcrumb":{"@id":"https:\/\/saude.novartis.com.br\/cancer-de-mama\/quando-tudo-muda-voce-continua-sendo-voce\/#breadcrumb"},"inLanguage":"pt-BR","potentialAction":[{"@type":"ReadAction","target":["https:\/\/saude.novartis.com.br\/cancer-de-mama\/quando-tudo-muda-voce-continua-sendo-voce\/"]}]},{"@type":"ImageObject","inLanguage":"pt-BR","@id":"https:\/\/saude.novartis.com.br\/cancer-de-mama\/quando-tudo-muda-voce-continua-sendo-voce\/#primaryimage","url":"https:\/\/saude.novartis.com.br\/cancer-de-mama\/wp-content\/uploads\/sites\/10\/2026\/01\/img-caminho-manifesto-topo-cont01.png","contentUrl":"https:\/\/saude.novartis.com.br\/cancer-de-mama\/wp-content\/uploads\/sites\/10\/2026\/01\/img-caminho-manifesto-topo-cont01.png","width":1300,"height":850},{"@type":"BreadcrumbList","@id":"https:\/\/saude.novartis.com.br\/cancer-de-mama\/quando-tudo-muda-voce-continua-sendo-voce\/#breadcrumb","itemListElement":[{"@type":"ListItem","position":1,"name":"In\u00edcio","item":"https:\/\/saude.novartis.com.br\/cancer-de-mama\/"},{"@type":"ListItem","position":2,"name":"Quando Tudo Muda: Voc\u00ea Continua Sendo Voc\u00ea"}]},{"@type":"WebSite","@id":"https:\/\/saude.novartis.com.br\/cancer-de-mama\/#website","url":"https:\/\/saude.novartis.com.br\/cancer-de-mama\/","name":"C\u00e2ncer de Mama","description":"Saiba exatamente o que \u00e9 C\u00e2ncer de Mama. Conhe\u00e7a seus sintomas, diagn\u00f3sticos e tratamento. Acesse nossos conte\u00fados Novartis e saiba mais. | Novartis","publisher":{"@id":"https:\/\/saude.novartis.com.br\/cancer-de-mama\/#organization"},"potentialAction":[{"@type":"SearchAction","target":{"@type":"EntryPoint","urlTemplate":"https:\/\/saude.novartis.com.br\/cancer-de-mama\/?s={search_term_string}"},"query-input":{"@type":"PropertyValueSpecification","valueRequired":true,"valueName":"search_term_string"}}],"inLanguage":"pt-BR"},{"@type":"Organization","@id":"https:\/\/saude.novartis.com.br\/cancer-de-mama\/#organization","name":"Novartis","url":"https:\/\/saude.novartis.com.br\/cancer-de-mama\/","logo":{"@type":"ImageObject","inLanguage":"pt-BR","@id":"https:\/\/saude.novartis.com.br\/cancer-de-mama\/#\/schema\/logo\/image\/","url":"https:\/\/saude.novartis.com.br\/cancer-de-mama\/wp-content\/uploads\/sites\/10\/2025\/09\/logo_meu-caminho-cancer-de-mama1.png","contentUrl":"https:\/\/saude.novartis.com.br\/cancer-de-mama\/wp-content\/uploads\/sites\/10\/2025\/09\/logo_meu-caminho-cancer-de-mama1.png","width":273,"height":117,"caption":"Novartis"},"image":{"@id":"https:\/\/saude.novartis.com.br\/cancer-de-mama\/#\/schema\/logo\/image\/"}},{"@type":"Person","@id":"https:\/\/saude.novartis.com.br\/cancer-de-mama\/#\/schema\/person\/1b318d777ae0f4814fdb68ae4d486b85","name":"Emerson Archanjo","image":{"@type":"ImageObject","inLanguage":"pt-BR","@id":"https:\/\/saude.novartis.com.br\/cancer-de-mama\/#\/schema\/person\/image\/","url":"https:\/\/secure.gravatar.com\/avatar\/2455536163c7e046593984ca72822786?s=96&d=mm&r=g","contentUrl":"https:\/\/secure.gravatar.com\/avatar\/2455536163c7e046593984ca72822786?s=96&d=mm&r=g","caption":"Emerson Archanjo"},"url":"https:\/\/saude.novartis.com.br\/cancer-de-mama\/author\/caramem1\/"}]}},"_links":{"self":[{"href":"https:\/\/saude.novartis.com.br\/cancer-de-mama\/wp-json\/wp\/v2\/posts\/4995"}],"collection":[{"href":"https:\/\/saude.novartis.com.br\/cancer-de-mama\/wp-json\/wp\/v2\/posts"}],"about":[{"href":"https:\/\/saude.novartis.com.br\/cancer-de-mama\/wp-json\/wp\/v2\/types\/post"}],"author":[{"embeddable":true,"href":"https:\/\/saude.novartis.com.br\/cancer-de-mama\/wp-json\/wp\/v2\/users\/2"}],"replies":[{"embeddable":true,"href":"https:\/\/saude.novartis.com.br\/cancer-de-mama\/wp-json\/wp\/v2\/comments?post=4995"}],"version-history":[{"count":30,"href":"https:\/\/saude.novartis.com.br\/cancer-de-mama\/wp-json\/wp\/v2\/posts\/4995\/revisions"}],"predecessor-version":[{"id":5355,"href":"https:\/\/saude.novartis.com.br\/cancer-de-mama\/wp-json\/wp\/v2\/posts\/4995\/revisions\/5355"}],"wp:featuredmedia":[{"embeddable":true,"href":"https:\/\/saude.novartis.com.br\/cancer-de-mama\/wp-json\/wp\/v2\/media\/5272"}],"wp:attachment":[{"href":"https:\/\/saude.novartis.com.br\/cancer-de-mama\/wp-json\/wp\/v2\/media?parent=4995"}],"wp:term":[{"taxonomy":"category","embeddable":true,"href":"https:\/\/saude.novartis.com.br\/cancer-de-mama\/wp-json\/wp\/v2\/categories?post=4995"},{"taxonomy":"post_tag","embeddable":true,"href":"https:\/\/saude.novartis.com.br\/cancer-de-mama\/wp-json\/wp\/v2\/tags?post=4995"}],"curies":[{"name":"wp","href":"https:\/\/api.w.org\/{rel}","templated":true}]}}