{"id":850,"date":"2025-07-17T09:33:19","date_gmt":"2025-07-17T12:33:19","guid":{"rendered":"https:\/\/saude.novartis.com.br\/asma-grave\/?p=850"},"modified":"2025-07-18T07:46:34","modified_gmt":"2025-07-18T10:46:34","slug":"uso-de-corticoides-no-tratamento-da-asma-conheca-os-riscos","status":"publish","type":"post","link":"https:\/\/saude.novartis.com.br\/asma-grave\/uso-de-corticoides-no-tratamento-da-asma-conheca-os-riscos\/","title":{"rendered":"Riscos do uso de corticoides no tratamento da asma"},"content":{"rendered":"<p>N\u00e3o \u00e9 novidade que o objetivo do <b>tratamento da asma<\/b> \u00e9 prevenir as crises, mantendo a doen\u00e7a e os <b>sintomas<\/b> como tosse, chiado no peito e falta de ar sob controle, permitindo que os pacientes tenham uma vida normal.<sup>1,2<\/sup><\/p>\n<p>Para isso, \u00e9 comum que o m\u00e9dico recomende diferentes terapias, considerando a gravidade da doen\u00e7a e a ocorr\u00eancia (ou n\u00e3o) de uma crise. No caso da <b>asma grave<\/b>, o uso de mais de um tipo de medicamento \u2013 como os corticoides (tanto inalat\u00f3rios como sist\u00eamicos) e os broncodilatadores de longa a\u00e7\u00e3o \u2013 \u00e9 frequentemente necess\u00e1rio para o controle dos sintomas. Outras abordagens terap\u00eauticas, como os medicamentos biol\u00f3gicos, tamb\u00e9m s\u00e3o usadas para o <b>tratamento da asma grave<\/b>.<sup>1<\/sup><\/p>\n<p>Por\u00e9m, o uso de alguns desses medicamentos, especialmente a longo prazo, pode trazer riscos indesejados \u00e0 sa\u00fade. \u00c9 o caso dos <b>corticoides orais<\/b>, tamb\u00e9m chamados de corticosteroides.<sup>1<\/sup> Mesmo quando usados por pouco tempo (um m\u00eas), os corticoides orais est\u00e3o associados ao aumento de infec\u00e7\u00f5es, tromboembolismo e at\u00e9 mesmo de fraturas.<sup>3,4<\/sup> J\u00e1 em longo prazo, os riscos s\u00e3o maiores e ainda mais graves.<sup>4-7<\/sup><\/p>\n<h3>O que s\u00e3o os corticoides?<\/h3>\n<p>Corticoides s\u00e3o medicamentos anti-inflamat\u00f3rios muito potentes usados no tratamento de uma s\u00e9rie de doen\u00e7as.<sup>5<\/sup> Para quem tem asma, os corticoides ajudam a reduzir a inflama\u00e7\u00e3o nos pulm\u00f5es, podendo ser usados de duas formas:<\/p>\n<ul style=\"margin-left: 20px\">\n<li><b style=\"color: #ff6600;\">Via inalat\u00f3ria:<\/b> s\u00e3o inalados, t\u00eam a\u00e7\u00e3o predominante nos br\u00f4nquios e pouca a\u00e7\u00e3o no restante do organismo. Esta a\u00e7\u00e3o limitada no restante do corpo faz com que os corticoides inalat\u00f3rios tenham um bom perfil de seguran\u00e7a.<sup>2,6<\/sup> <\/li>\n<p><\/p>\n<li><b style=\"color: #ff6600;\">Via oral:<\/b> t\u00eam atua\u00e7\u00e3o em todo o organismo (sist\u00eamicos) e s\u00e3o muito mais potentes.1 Geralmente os corticoides orais s\u00f3 s\u00e3o prescritos para <b>controlar a asma<\/b> durante uma crise aguda por um curto per\u00edodo. Mas para algumas <b>pessoas com asma grave<\/b>, que mesmo em tratamento ainda apresentam sintomas e crises frequentes, o m\u00e9dico poder\u00e1 prescrever corticoides orais por per\u00edodos mais longos (possivelmente meses ou anos).<sup>2,5<\/sup> <\/li>\n<p>\n<\/ul>\n<p>  <\/p>\n<h3>Quais os riscos dos corticoides orais?<\/h3>\n<p>O problema em usar os corticoides orais por muito tempo \u00e9 que eles podem provocar graves efeitos colaterais, j\u00e1 que atuam em todo o organismo.<sup>5<\/sup> Nas crian\u00e7as, a obesidade e o atraso do crescimento s\u00e3o os <b>efeitos colaterais<\/b> mais comuns.<sup>1<\/sup> Em adultos, podem aumentar o risco do aparecimento de doen\u00e7as metab\u00f3licas como obesidade e diabetes, aumento da press\u00e3o arterial, problemas no trato digestivo, problemas oculares como catarata e piora do glaucoma, osteoporose, insufici\u00eancia da gl\u00e2ndula adrenal e at\u00e9 doen\u00e7as psiqui\u00e1tricas como depress\u00e3o.<sup>1,3-8<\/sup><\/p>\n<p>Estudos recentes demonstraram que as pessoas com asma que foram tratadas com <b>corticoides sist\u00eamicos<\/b> apresentaram maior incid\u00eancia de efeitos colaterais do que aquelas que nunca usaram o medicamento.<sup>4<\/sup> O risco de uma pessoa que tomou o corticoide sist\u00eamico ter uma <b>fratura ou osteoporose foi 3 vezes maior<\/b> que uma que nunca tomou.<sup>4><\/sup><\/p>\n<p>Al\u00e9m disso, estudos tamb\u00e9m demonstraram que os riscos de ter um dos efeitos colaterais relacionados ao uso de corticoides sist\u00eamicos aumenta \u00e0 medida em que a dose de medicamento e o tempo de uso aumentam. Ou seja, embora o uso em curto prazo j\u00e1 traga riscos3,4, os efeitos s\u00e3o cumulativos: quanto maior a dose e maior o tempo de uso, maiores as chances de uma pessoa ter um dos efeitos colaterais.<sup>4,7,8<\/sup><\/p>\n<h3>Como se prevenir?<\/h3>\n<p>Pacientes que fazem <b>uso prolongado de corticoides orais devem ser acompanhados de perto pelo m\u00e9dico<\/b>. Apenas o m\u00e9dico poder\u00e1 monitorar as doses necess\u00e1rias e os poss\u00edveis efeitos colaterais. Para reduzir o risco de efeitos colaterais, o m\u00e9dico dever\u00e1 manter a menor dose poss\u00edvel e pelo menor tempo poss\u00edvel.<sup>5<\/sup><\/p>\n<p>Como os corticoides orais geralmente trazem um grande al\u00edvio aos <b>asm\u00e1ticos<\/b>, nunca \u00e9 demais ressaltar que todo medicamento tem efeitos colaterais, especialmente quando usado indevidamente ou em excesso.<\/p>\n<p>O objetivo do <b>tratamento da asma<\/b>, independentemente de sua gravidade, \u00e9 deixar o paciente sem sintoma e sem limita\u00e7\u00e3o de suas atividades normais.<sup>2<\/sup> Para que isso ocorra, \u00e9 muito importante que a prescri\u00e7\u00e3o do m\u00e9dico seja seguida \u00e0 risca, e a doen\u00e7a seja tratada mesmo nos momentos em que voc\u00ea n\u00e3o esteja sentindo sintomas.<sup>5<\/sup><\/p>\n<p><!-- ========================================================================================================= ========================================================================================== REFERENCIAL --><\/p>\n<hr \/>\n<p><b>Refer\u00eancias<\/b><\/p>\n<p><b>1.<\/b> ASBAI- Associa\u00e7\u00e3o Brasileira de Alergia e Imunologia. Asma e Rinite. Dispon\u00edvel em: https:\/\/asbai.org.br\/wp-content\/uploads\/2023\/08\/EBOOK-ASBAI-Asma-e-Rinite-Junho-2022.pdf Acesso em maio de 2025.<br \/>\n<b>2.<\/b> GINA. Global Strategy for Asthma Management and Prevention Dispon\u00edvel em: https:\/\/ginasthma.org\/wp-content\/uploads\/2025\/05\/GINA-Strategy-Report_2025-WEB-WMS.pdf Acesso em maio de 2025.<br \/>\n<b>3.<\/b> Waljee AK, Rogers MA, Lin P, et al. Short term use of oral corticosteroids and related harms among adults in the United States: population based cohort study. BMJ. 2017;357:j1415.<br \/>\n<b>4.<\/b> Journal of Asthma and Allergy. Adverse outcomes from initiation of systemic corticosteroids for asthma: long-term observational study. Dispon\u00edvel em: https:\/\/www.dovepress.com\/adverse-outcomes-from-initiation-of-systemic-corticosteroids-for-asthm-peer-reviewed-fulltext-article-JAA Acesso em maio de 2025.<br \/>\n<b>5.<\/b> National Heart, Lung, and Blood Institure (NHLBI) do National Institutes of Health. Dispon\u00edvel em: https:\/\/www.nhlbi.nih.gov\/health\/asthma\/treatment-action-plan Acesso em maio de 2025.<br \/>\n<b>6.<\/b> Systemic effects of inhaled corticosteroids. Curr Opin Pulm Med. 2012 Jan;18(1):85-9).<br \/>\n<b>7.<\/b> The Journal of Allergy and Clinical Immunology. Oral corticosteroid exposure and adverse effects in asthmatic patients. Dispon\u00edvel em: https:\/\/www.jacionline.org\/article\/S0091-6749(17)30680-2\/fulltext Acesso em maio de 2025.<br \/>\n<b>8.<\/b> Journal of Managed Care &#038; Specialty Pharmacy. Dose-Response Relationship Between Long-Term Systemic Corticosteroid Use and Related Complications in Patients with Severe Asthma. Dispon\u00edvel em: https:\/\/www.jmcp.org\/doi\/10.18553\/jmcp.2016.22.7.833 Acesso em maio de 2025.<\/p>\n<hr>\n<p><small>Material destinado ao p\u00fablico leigo. 2025 \u00a9 Direitos Reservados Novartis Bioci\u00eancias S\/A \u2013 Proibida a reprodu\u00e7\u00e3o total ou parcial sem autoriza\u00e7\u00e3o do titular. Atualizado em julho\/2025. Veeva BR-34582. <\/small><\/p>\n","protected":false},"excerpt":{"rendered":"<p>N\u00e3o \u00e9 novidade que o objetivo do tratamento da asma \u00e9 prevenir as crises, mantendo&#8230;<\/p>\n","protected":false},"author":1,"featured_media":1272,"comment_status":"closed","ping_status":"open","sticky":false,"template":"","format":"standard","meta":{"_acf_changed":false,"footnotes":""},"categories":[4],"tags":[],"class_list":["post-850","post","type-post","status-publish","format-standard","has-post-thumbnail","hentry","category-diagnostico-e-tratamento"],"acf":[],"yoast_head":"<!-- This site is optimized with the Yoast SEO plugin v25.1 - https:\/\/yoast.com\/wordpress\/plugins\/seo\/ -->\n<title>Uso de corticoides no tratamento da asma, conhe\u00e7a os riscos!<\/title>\n<meta name=\"description\" content=\"Considerando a gravidade da asma e a ocorr\u00eancia (ou n\u00e3o) de uma crise, o m\u00e9dico pode recomendar uso de medicamentos como corticoides e broncodilatadores.\" \/>\n<meta name=\"robots\" content=\"index, follow, max-snippet:-1, max-image-preview:large, max-video-preview:-1\" \/>\n<link rel=\"canonical\" href=\"https:\/\/saude.novartis.com.br\/asma-grave\/uso-de-corticoides-no-tratamento-da-asma-conheca-os-riscos\/\" \/>\n<meta property=\"og:locale\" content=\"pt_BR\" \/>\n<meta property=\"og:type\" content=\"article\" \/>\n<meta property=\"og:title\" content=\"Uso de corticoides no tratamento da asma, conhe\u00e7a os riscos!\" \/>\n<meta property=\"og:description\" content=\"Considerando a gravidade da asma e a ocorr\u00eancia (ou n\u00e3o) de uma crise, o m\u00e9dico pode recomendar uso de medicamentos como corticoides e broncodilatadores.\" \/>\n<meta property=\"og:url\" content=\"https:\/\/saude.novartis.com.br\/asma-grave\/uso-de-corticoides-no-tratamento-da-asma-conheca-os-riscos\/\" \/>\n<meta property=\"og:site_name\" content=\"Asma Grave\" \/>\n<meta property=\"article:published_time\" content=\"2025-07-17T12:33:19+00:00\" \/>\n<meta property=\"article:modified_time\" content=\"2025-07-18T10:46:34+00:00\" \/>\n<meta property=\"og:image\" content=\"https:\/\/saude.novartis.com.br\/asma-grave\/wp-content\/uploads\/sites\/4\/2018\/12\/riscos-dos-corticoides-para-asma.jpg\" \/>\n\t<meta property=\"og:image:width\" content=\"800\" \/>\n\t<meta property=\"og:image:height\" content=\"500\" \/>\n\t<meta property=\"og:image:type\" content=\"image\/jpeg\" \/>\n<meta name=\"author\" content=\"novartis\" \/>\n<meta name=\"twitter:card\" content=\"summary_large_image\" \/>\n<meta name=\"twitter:label1\" content=\"Escrito por\" \/>\n\t<meta name=\"twitter:data1\" content=\"novartis\" \/>\n\t<meta name=\"twitter:label2\" content=\"Est. tempo de leitura\" \/>\n\t<meta name=\"twitter:data2\" content=\"5 minutos\" \/>\n<script type=\"application\/ld+json\" class=\"yoast-schema-graph\">{\"@context\":\"https:\/\/schema.org\",\"@graph\":[{\"@type\":\"Article\",\"@id\":\"https:\/\/saude.novartis.com.br\/asma-grave\/uso-de-corticoides-no-tratamento-da-asma-conheca-os-riscos\/#article\",\"isPartOf\":{\"@id\":\"https:\/\/saude.novartis.com.br\/asma-grave\/uso-de-corticoides-no-tratamento-da-asma-conheca-os-riscos\/\"},\"author\":{\"name\":\"novartis\",\"@id\":\"https:\/\/saude.novartis.com.br\/asma-grave\/#\/schema\/person\/ad6f710758d865974325ac2efe2a0df9\"},\"headline\":\"Riscos do uso de corticoides no tratamento da asma\",\"datePublished\":\"2025-07-17T12:33:19+00:00\",\"dateModified\":\"2025-07-18T10:46:34+00:00\",\"mainEntityOfPage\":{\"@id\":\"https:\/\/saude.novartis.com.br\/asma-grave\/uso-de-corticoides-no-tratamento-da-asma-conheca-os-riscos\/\"},\"wordCount\":973,\"publisher\":{\"@id\":\"https:\/\/saude.novartis.com.br\/asma-grave\/#organization\"},\"image\":{\"@id\":\"https:\/\/saude.novartis.com.br\/asma-grave\/uso-de-corticoides-no-tratamento-da-asma-conheca-os-riscos\/#primaryimage\"},\"thumbnailUrl\":\"https:\/\/saude.novartis.com.br\/asma-grave\/wp-content\/uploads\/sites\/4\/2018\/12\/riscos-dos-corticoides-para-asma.jpg\",\"articleSection\":[\"Diagn\u00f3stico e tratamento\"],\"inLanguage\":\"pt-BR\"},{\"@type\":\"WebPage\",\"@id\":\"https:\/\/saude.novartis.com.br\/asma-grave\/uso-de-corticoides-no-tratamento-da-asma-conheca-os-riscos\/\",\"url\":\"https:\/\/saude.novartis.com.br\/asma-grave\/uso-de-corticoides-no-tratamento-da-asma-conheca-os-riscos\/\",\"name\":\"Uso de corticoides no tratamento da asma, conhe\u00e7a os riscos!\",\"isPartOf\":{\"@id\":\"https:\/\/saude.novartis.com.br\/asma-grave\/#website\"},\"primaryImageOfPage\":{\"@id\":\"https:\/\/saude.novartis.com.br\/asma-grave\/uso-de-corticoides-no-tratamento-da-asma-conheca-os-riscos\/#primaryimage\"},\"image\":{\"@id\":\"https:\/\/saude.novartis.com.br\/asma-grave\/uso-de-corticoides-no-tratamento-da-asma-conheca-os-riscos\/#primaryimage\"},\"thumbnailUrl\":\"https:\/\/saude.novartis.com.br\/asma-grave\/wp-content\/uploads\/sites\/4\/2018\/12\/riscos-dos-corticoides-para-asma.jpg\",\"datePublished\":\"2025-07-17T12:33:19+00:00\",\"dateModified\":\"2025-07-18T10:46:34+00:00\",\"description\":\"Considerando a gravidade da asma e a ocorr\u00eancia (ou n\u00e3o) de uma crise, o m\u00e9dico pode recomendar uso de medicamentos como corticoides e broncodilatadores.\",\"breadcrumb\":{\"@id\":\"https:\/\/saude.novartis.com.br\/asma-grave\/uso-de-corticoides-no-tratamento-da-asma-conheca-os-riscos\/#breadcrumb\"},\"inLanguage\":\"pt-BR\",\"potentialAction\":[{\"@type\":\"ReadAction\",\"target\":[\"https:\/\/saude.novartis.com.br\/asma-grave\/uso-de-corticoides-no-tratamento-da-asma-conheca-os-riscos\/\"]}]},{\"@type\":\"ImageObject\",\"inLanguage\":\"pt-BR\",\"@id\":\"https:\/\/saude.novartis.com.br\/asma-grave\/uso-de-corticoides-no-tratamento-da-asma-conheca-os-riscos\/#primaryimage\",\"url\":\"https:\/\/saude.novartis.com.br\/asma-grave\/wp-content\/uploads\/sites\/4\/2018\/12\/riscos-dos-corticoides-para-asma.jpg\",\"contentUrl\":\"https:\/\/saude.novartis.com.br\/asma-grave\/wp-content\/uploads\/sites\/4\/2018\/12\/riscos-dos-corticoides-para-asma.jpg\",\"width\":800,\"height\":500},{\"@type\":\"BreadcrumbList\",\"@id\":\"https:\/\/saude.novartis.com.br\/asma-grave\/uso-de-corticoides-no-tratamento-da-asma-conheca-os-riscos\/#breadcrumb\",\"itemListElement\":[{\"@type\":\"ListItem\",\"position\":1,\"name\":\"In\u00edcio\",\"item\":\"https:\/\/saude.novartis.com.br\/asma-grave\/\"},{\"@type\":\"ListItem\",\"position\":2,\"name\":\"Riscos do uso de corticoides no tratamento da asma\"}]},{\"@type\":\"WebSite\",\"@id\":\"https:\/\/saude.novartis.com.br\/asma-grave\/#website\",\"url\":\"https:\/\/saude.novartis.com.br\/asma-grave\/\",\"name\":\"Asma Grave\",\"description\":\"Saiba exatamente o que \u00e9 Asma Grave. Conhe\u00e7a seus sintomas, diagn\u00f3sticos e tratamento. Acesse nossos conte\u00fados Novartis e saiba mais. Sa\u00fade Novartis\",\"publisher\":{\"@id\":\"https:\/\/saude.novartis.com.br\/asma-grave\/#organization\"},\"potentialAction\":[{\"@type\":\"SearchAction\",\"target\":{\"@type\":\"EntryPoint\",\"urlTemplate\":\"https:\/\/saude.novartis.com.br\/asma-grave\/?s={search_term_string}\"},\"query-input\":{\"@type\":\"PropertyValueSpecification\",\"valueRequired\":true,\"valueName\":\"search_term_string\"}}],\"inLanguage\":\"pt-BR\"},{\"@type\":\"Organization\",\"@id\":\"https:\/\/saude.novartis.com.br\/asma-grave\/#organization\",\"name\":\"Novartis\",\"url\":\"https:\/\/saude.novartis.com.br\/asma-grave\/\",\"logo\":{\"@type\":\"ImageObject\",\"inLanguage\":\"pt-BR\",\"@id\":\"https:\/\/saude.novartis.com.br\/asma-grave\/#\/schema\/logo\/image\/\",\"url\":\"https:\/\/saude.novartis.com.br\/asma-grave\/wp-content\/uploads\/sites\/4\/2021\/03\/logo.png\",\"contentUrl\":\"https:\/\/saude.novartis.com.br\/asma-grave\/wp-content\/uploads\/sites\/4\/2021\/03\/logo.png\",\"width\":125,\"height\":56,\"caption\":\"Novartis\"},\"image\":{\"@id\":\"https:\/\/saude.novartis.com.br\/asma-grave\/#\/schema\/logo\/image\/\"}},{\"@type\":\"Person\",\"@id\":\"https:\/\/saude.novartis.com.br\/asma-grave\/#\/schema\/person\/ad6f710758d865974325ac2efe2a0df9\",\"name\":\"novartis\",\"image\":{\"@type\":\"ImageObject\",\"inLanguage\":\"pt-BR\",\"@id\":\"https:\/\/saude.novartis.com.br\/asma-grave\/#\/schema\/person\/image\/\",\"url\":\"https:\/\/secure.gravatar.com\/avatar\/221a1c4b45938dbddb145f621c95c71b?s=96&d=mm&r=g\",\"contentUrl\":\"https:\/\/secure.gravatar.com\/avatar\/221a1c4b45938dbddb145f621c95c71b?s=96&d=mm&r=g\",\"caption\":\"novartis\"},\"url\":\"https:\/\/saude.novartis.com.br\/asma-grave\/author\/novartis\/\"}]}<\/script>\n<!-- \/ Yoast SEO plugin. -->","yoast_head_json":{"title":"Uso de corticoides no tratamento da asma, conhe\u00e7a os riscos!","description":"Considerando a gravidade da asma e a ocorr\u00eancia (ou n\u00e3o) de uma crise, o m\u00e9dico pode recomendar uso de medicamentos como corticoides e broncodilatadores.","robots":{"index":"index","follow":"follow","max-snippet":"max-snippet:-1","max-image-preview":"max-image-preview:large","max-video-preview":"max-video-preview:-1"},"canonical":"https:\/\/saude.novartis.com.br\/asma-grave\/uso-de-corticoides-no-tratamento-da-asma-conheca-os-riscos\/","og_locale":"pt_BR","og_type":"article","og_title":"Uso de corticoides no tratamento da asma, conhe\u00e7a os riscos!","og_description":"Considerando a gravidade da asma e a ocorr\u00eancia (ou n\u00e3o) de uma crise, o m\u00e9dico pode recomendar uso de medicamentos como corticoides e broncodilatadores.","og_url":"https:\/\/saude.novartis.com.br\/asma-grave\/uso-de-corticoides-no-tratamento-da-asma-conheca-os-riscos\/","og_site_name":"Asma Grave","article_published_time":"2025-07-17T12:33:19+00:00","article_modified_time":"2025-07-18T10:46:34+00:00","og_image":[{"width":800,"height":500,"url":"https:\/\/saude.novartis.com.br\/asma-grave\/wp-content\/uploads\/sites\/4\/2018\/12\/riscos-dos-corticoides-para-asma.jpg","type":"image\/jpeg"}],"author":"novartis","twitter_card":"summary_large_image","twitter_misc":{"Escrito por":"novartis","Est. tempo de leitura":"5 minutos"},"schema":{"@context":"https:\/\/schema.org","@graph":[{"@type":"Article","@id":"https:\/\/saude.novartis.com.br\/asma-grave\/uso-de-corticoides-no-tratamento-da-asma-conheca-os-riscos\/#article","isPartOf":{"@id":"https:\/\/saude.novartis.com.br\/asma-grave\/uso-de-corticoides-no-tratamento-da-asma-conheca-os-riscos\/"},"author":{"name":"novartis","@id":"https:\/\/saude.novartis.com.br\/asma-grave\/#\/schema\/person\/ad6f710758d865974325ac2efe2a0df9"},"headline":"Riscos do uso de corticoides no tratamento da asma","datePublished":"2025-07-17T12:33:19+00:00","dateModified":"2025-07-18T10:46:34+00:00","mainEntityOfPage":{"@id":"https:\/\/saude.novartis.com.br\/asma-grave\/uso-de-corticoides-no-tratamento-da-asma-conheca-os-riscos\/"},"wordCount":973,"publisher":{"@id":"https:\/\/saude.novartis.com.br\/asma-grave\/#organization"},"image":{"@id":"https:\/\/saude.novartis.com.br\/asma-grave\/uso-de-corticoides-no-tratamento-da-asma-conheca-os-riscos\/#primaryimage"},"thumbnailUrl":"https:\/\/saude.novartis.com.br\/asma-grave\/wp-content\/uploads\/sites\/4\/2018\/12\/riscos-dos-corticoides-para-asma.jpg","articleSection":["Diagn\u00f3stico e tratamento"],"inLanguage":"pt-BR"},{"@type":"WebPage","@id":"https:\/\/saude.novartis.com.br\/asma-grave\/uso-de-corticoides-no-tratamento-da-asma-conheca-os-riscos\/","url":"https:\/\/saude.novartis.com.br\/asma-grave\/uso-de-corticoides-no-tratamento-da-asma-conheca-os-riscos\/","name":"Uso de corticoides no tratamento da asma, conhe\u00e7a os riscos!","isPartOf":{"@id":"https:\/\/saude.novartis.com.br\/asma-grave\/#website"},"primaryImageOfPage":{"@id":"https:\/\/saude.novartis.com.br\/asma-grave\/uso-de-corticoides-no-tratamento-da-asma-conheca-os-riscos\/#primaryimage"},"image":{"@id":"https:\/\/saude.novartis.com.br\/asma-grave\/uso-de-corticoides-no-tratamento-da-asma-conheca-os-riscos\/#primaryimage"},"thumbnailUrl":"https:\/\/saude.novartis.com.br\/asma-grave\/wp-content\/uploads\/sites\/4\/2018\/12\/riscos-dos-corticoides-para-asma.jpg","datePublished":"2025-07-17T12:33:19+00:00","dateModified":"2025-07-18T10:46:34+00:00","description":"Considerando a gravidade da asma e a ocorr\u00eancia (ou n\u00e3o) de uma crise, o m\u00e9dico pode recomendar uso de medicamentos como corticoides e broncodilatadores.","breadcrumb":{"@id":"https:\/\/saude.novartis.com.br\/asma-grave\/uso-de-corticoides-no-tratamento-da-asma-conheca-os-riscos\/#breadcrumb"},"inLanguage":"pt-BR","potentialAction":[{"@type":"ReadAction","target":["https:\/\/saude.novartis.com.br\/asma-grave\/uso-de-corticoides-no-tratamento-da-asma-conheca-os-riscos\/"]}]},{"@type":"ImageObject","inLanguage":"pt-BR","@id":"https:\/\/saude.novartis.com.br\/asma-grave\/uso-de-corticoides-no-tratamento-da-asma-conheca-os-riscos\/#primaryimage","url":"https:\/\/saude.novartis.com.br\/asma-grave\/wp-content\/uploads\/sites\/4\/2018\/12\/riscos-dos-corticoides-para-asma.jpg","contentUrl":"https:\/\/saude.novartis.com.br\/asma-grave\/wp-content\/uploads\/sites\/4\/2018\/12\/riscos-dos-corticoides-para-asma.jpg","width":800,"height":500},{"@type":"BreadcrumbList","@id":"https:\/\/saude.novartis.com.br\/asma-grave\/uso-de-corticoides-no-tratamento-da-asma-conheca-os-riscos\/#breadcrumb","itemListElement":[{"@type":"ListItem","position":1,"name":"In\u00edcio","item":"https:\/\/saude.novartis.com.br\/asma-grave\/"},{"@type":"ListItem","position":2,"name":"Riscos do uso de corticoides no tratamento da asma"}]},{"@type":"WebSite","@id":"https:\/\/saude.novartis.com.br\/asma-grave\/#website","url":"https:\/\/saude.novartis.com.br\/asma-grave\/","name":"Asma Grave","description":"Saiba exatamente o que \u00e9 Asma Grave. Conhe\u00e7a seus sintomas, diagn\u00f3sticos e tratamento. Acesse nossos conte\u00fados Novartis e saiba mais. Sa\u00fade Novartis","publisher":{"@id":"https:\/\/saude.novartis.com.br\/asma-grave\/#organization"},"potentialAction":[{"@type":"SearchAction","target":{"@type":"EntryPoint","urlTemplate":"https:\/\/saude.novartis.com.br\/asma-grave\/?s={search_term_string}"},"query-input":{"@type":"PropertyValueSpecification","valueRequired":true,"valueName":"search_term_string"}}],"inLanguage":"pt-BR"},{"@type":"Organization","@id":"https:\/\/saude.novartis.com.br\/asma-grave\/#organization","name":"Novartis","url":"https:\/\/saude.novartis.com.br\/asma-grave\/","logo":{"@type":"ImageObject","inLanguage":"pt-BR","@id":"https:\/\/saude.novartis.com.br\/asma-grave\/#\/schema\/logo\/image\/","url":"https:\/\/saude.novartis.com.br\/asma-grave\/wp-content\/uploads\/sites\/4\/2021\/03\/logo.png","contentUrl":"https:\/\/saude.novartis.com.br\/asma-grave\/wp-content\/uploads\/sites\/4\/2021\/03\/logo.png","width":125,"height":56,"caption":"Novartis"},"image":{"@id":"https:\/\/saude.novartis.com.br\/asma-grave\/#\/schema\/logo\/image\/"}},{"@type":"Person","@id":"https:\/\/saude.novartis.com.br\/asma-grave\/#\/schema\/person\/ad6f710758d865974325ac2efe2a0df9","name":"novartis","image":{"@type":"ImageObject","inLanguage":"pt-BR","@id":"https:\/\/saude.novartis.com.br\/asma-grave\/#\/schema\/person\/image\/","url":"https:\/\/secure.gravatar.com\/avatar\/221a1c4b45938dbddb145f621c95c71b?s=96&d=mm&r=g","contentUrl":"https:\/\/secure.gravatar.com\/avatar\/221a1c4b45938dbddb145f621c95c71b?s=96&d=mm&r=g","caption":"novartis"},"url":"https:\/\/saude.novartis.com.br\/asma-grave\/author\/novartis\/"}]}},"_links":{"self":[{"href":"https:\/\/saude.novartis.com.br\/asma-grave\/wp-json\/wp\/v2\/posts\/850"}],"collection":[{"href":"https:\/\/saude.novartis.com.br\/asma-grave\/wp-json\/wp\/v2\/posts"}],"about":[{"href":"https:\/\/saude.novartis.com.br\/asma-grave\/wp-json\/wp\/v2\/types\/post"}],"author":[{"embeddable":true,"href":"https:\/\/saude.novartis.com.br\/asma-grave\/wp-json\/wp\/v2\/users\/1"}],"replies":[{"embeddable":true,"href":"https:\/\/saude.novartis.com.br\/asma-grave\/wp-json\/wp\/v2\/comments?post=850"}],"version-history":[{"count":8,"href":"https:\/\/saude.novartis.com.br\/asma-grave\/wp-json\/wp\/v2\/posts\/850\/revisions"}],"predecessor-version":[{"id":1821,"href":"https:\/\/saude.novartis.com.br\/asma-grave\/wp-json\/wp\/v2\/posts\/850\/revisions\/1821"}],"wp:featuredmedia":[{"embeddable":true,"href":"https:\/\/saude.novartis.com.br\/asma-grave\/wp-json\/wp\/v2\/media\/1272"}],"wp:attachment":[{"href":"https:\/\/saude.novartis.com.br\/asma-grave\/wp-json\/wp\/v2\/media?parent=850"}],"wp:term":[{"taxonomy":"category","embeddable":true,"href":"https:\/\/saude.novartis.com.br\/asma-grave\/wp-json\/wp\/v2\/categories?post=850"},{"taxonomy":"post_tag","embeddable":true,"href":"https:\/\/saude.novartis.com.br\/asma-grave\/wp-json\/wp\/v2\/tags?post=850"}],"curies":[{"name":"wp","href":"https:\/\/api.w.org\/{rel}","templated":true}]}}